{"id":84747,"date":"2026-08-11T08:37:08","date_gmt":"2026-08-11T12:37:08","guid":{"rendered":"https:\/\/www.skylinegroupofcompanies.ca\/?p=84747"},"modified":"2026-09-01T09:15:09","modified_gmt":"2026-09-01T13:15:09","slug":"le-centre-bayers-lake-de-skyline-industrial-reit-dans-le-globe-and-mail","status":"publish","type":"post","link":"https:\/\/www.skylinegroupofcompanies.ca\/fr\/news-fr\/le-centre-bayers-lake-de-skyline-industrial-reit-dans-le-globe-and-mail\/","title":{"rendered":"Le centre Bayers Lake de Skyline Industrial REIT dans le Globe and Mail"},"content":{"rendered":"<p>[Guelph (Ontario) \u2013 Le 11 ao\u00fbt 2026]<\/p>\n<p><a href=\"https:\/\/skylineindustrialreit.ca\" target=\"_blank\" rel=\"noopener\" hreflang=\"en\">Skyline Industrial REIT<\/a> a <a href=\"https:\/\/www.skylinewealthmanagement.ca\/fr\/skyline-nouvelles\/skyline-industrial-reit-loue-100-de-son-parc-industriel-carboneutre-a-halifax\/\" target=\"_blank\" rel=\"noopener\">lou\u00e9 la totalit\u00e9<\/a> du centre industriel Bayers Lake \u00e0 Halifax (Nouvelle-\u00c9cosse), ce qui lui a r\u00e9cemment valu une mention dans un <a href=\"https:\/\/www.theglobeandmail.com\/business\/industry-news\/property-report\/article-canadas-industrial-vacancy-rate-falls-as-construction-slows\/\" target=\"_blank\" rel=\"noopener\" hreflang=\"en\">article du journal <em>The Globe and Mail<\/em><\/a>.<\/p>\n<p>L\u2019article porte sur le recul des taux d\u2019inoccupation des immeubles industriels au Canada, ainsi que sur les forces du march\u00e9 qui stimulent la demande et limitent l\u2019offre. Il donne Skyline Industrial REIT comme exemple de fiducie de placement immobilier (FPI) ax\u00e9e sur les march\u00e9s primaires et secondaires du Canada.<\/p>\n<p>La construction du <a href=\"https:\/\/www.skylineindustrialreit.ca\/property\/halifax-ns-bayers-lake-lot-1-2-suisie-lake-cres\/\" target=\"_blank\" rel=\"noopener\" hreflang=\"en\">centre industriel Bayers Lake<\/a> repr\u00e9sente une \u00e9tape importante pour le march\u00e9 industriel d\u2019Halifax. En effet, ce complexe industriel carboneutre de 400 688 pieds carr\u00e9s a fait l\u2019objet du plus important bail sp\u00e9culatif de l\u2019histoire de la ville, en plus de repr\u00e9senter une partie substantielle de l\u2019espace industriel lou\u00e9 depuis le d\u00e9but de l\u2019ann\u00e9e dans la r\u00e9gion. Situ\u00e9 dans ce qu\u2019on appelle la \u00ab m\u00e9gaporte d\u2019entr\u00e9e de l\u2019Atlantique \u00bb \u00e0 Halifax, le centre est bien plac\u00e9 pour r\u00e9pondre aux besoins des entreprises du Canada atlantique et des autres r\u00e9gions.<\/p>\n<p>Lire l\u2019article int\u00e9gral dans <em>The Globe and Mail<\/em> sur le <a href=\"https:\/\/www.theglobeandmail.com\/business\/industry-news\/property-report\/article-canadas-industrial-vacancy-rate-falls-as-construction-slows\/\" target=\"_blank\" rel=\"noopener\" hreflang=\"en\">recul des taux d\u2019inoccupation des immeubles industriels au Canada, dans un contexte de ralentissement des mises en chantier<\/a>.<\/p>\n<p>Le centre industriel Bayers Lake a \u00e9galement fait l\u2019objet d\u2019un article sur le site RENX.ca, selon lequel <a href=\"https:\/\/renx.ca\/skylines-bayers-lake-fully-leased-following-jump-in-activity\" target=\"_blank\" rel=\"noopener\" hreflang=\"en\">suite \u00e0 un bond d\u2019activit\u00e9, Skyline loue Bayers Lake lou\u00e9 \u00e0 100 %<\/a>.<\/p>\n<p>_____________________<\/p>\n<h2>Au sujet de Skyline<\/h2>\n<p>Skyline est une soci\u00e9t\u00e9 de gestion de capitaux qui acquiert, d\u00e9veloppe et g\u00e8re des biens immobiliers et des infrastructures d\u2019\u00e9nergie renouvelable tout en les offrant \u00e0 titre de produits de placement priv\u00e9s non traditionnels.<\/p>\n<p>\u00c0 l\u2019heure actuelle, Skyline g\u00e8re un portefeuille de plus de 10 milliards de dollars* en biens immobiliers et en infrastructures d\u2019\u00e9nergie renouvelable.<\/p>\n<p>Forte d\u2019un effectif de quelque 1 000 personnes partout au Canada, Skyline s\u2019emploie \u00e0 offrir \u00e0 ses locataires des milieux de vie propres, confortables et s\u00e9curitaires, des environnements propices aux affaires, des solutions durables pour assurer un avenir vert et une exp\u00e9rience conviviale \u00e0 ses investisseurs.<\/p>\n<p>Pour en savoir plus sur Skyline, rendez-vous sur le site <a href=\"https:\/\/www.skylinegroupofcompanies.ca\/fr\/\">SkylineGroupOfCompanies.ca<\/a>.<\/p>\n<p>*Comprend l\u2019ensemble des <a href=\"https:\/\/www.skylinegroupofcompanies.ca\/fr\/disclaimer\/\">entit\u00e9s de Skyline<\/a> sous gestion et contr\u00f4le communs. Au 31 mars 2026.<\/p>\n<h3>Demandes de renseignements des m\u00e9dias :<\/h3>\n<address>Cindy Beverly<br \/>\nVice-pr\u00e9sidente, Marketing et communications<br \/>\nSkyline<br \/>\n5, rue Douglas, bureau 301<br \/>\nGuelph (Ontario) N1H 2S8<br \/>\n<a href=\"mailto:cbeverly@skylinegrp.ca?subject=Skyline Media Inquiry\">cbeverly@skylinegrp.ca<\/a><\/address>\n","protected":false},"excerpt":{"rendered":"<p>[Guelph (Ontario) \u2013 Le 11 ao\u00fbt 2026] Skyline Industrial REIT a lou\u00e9 la totalit\u00e9 du centre industriel Bayers Lake \u00e0 Halifax (Nouvelle-\u00c9cosse), ce qui lui a r\u00e9cemment valu une mention dans un article du journal The Globe and Mail. L\u2019article porte sur le recul des taux d\u2019inoccupation des immeubles industriels au Canada, ainsi que sur [&hellip;]<\/p>\n","protected":false},"author":33,"featured_media":0,"comment_status":"closed","ping_status":"closed","sticky":false,"template":"","format":"standard","meta":{"_acf_changed":false,"footnotes":"","_links_to":"","_links_to_target":""},"categories":[88,108,90,92],"tags":[],"class_list":["post-84747","post","type-post","status-publish","format-standard","hentry","category-news-fr","category-skyline-in-the-media-fr","category-skyline-industrial-reit-fr","category-skyline-wealth-fr"],"acf":[],"yoast_head":"<!-- This site is optimized with the Yoast SEO plugin v28.4 - https:\/\/yoast.com\/product\/yoast-seo-wordpress\/ -->\n<title>Le centre Bayers Lake de Skyline Industrial REIT dans le Globe and Mail | Skyline<\/title>\n<meta name=\"description\" content=\"Dans un article sur la baisse des taux d\u2019inoccupation industriels, le journal The Globe and Mail souligne que le centre industriel Bayers Lake est lou\u00e9 \u00e0 100 %.\" \/>\n<meta name=\"robots\" content=\"index, follow, max-snippet:-1, max-image-preview:large, max-video-preview:-1\" \/>\n<link rel=\"canonical\" href=\"https:\/\/www.skylinewealthmanagement.ca\/fr\/dans-les-medias\/le-centre-bayers-lake-de-skyline-industrial-reit-dans-le-globe-and-mail\/\" \/>\n<meta property=\"og:locale\" content=\"fr_FR\" \/>\n<meta property=\"og:type\" content=\"article\" \/>\n<meta property=\"og:title\" content=\"Le centre Bayers Lake de Skyline Industrial REIT dans le Globe and Mail\" \/>\n<meta property=\"og:description\" content=\"Dans un article sur la baisse des taux d\u2019inoccupation industriels, le journal The Globe and Mail souligne que le centre industriel Bayers Lake est lou\u00e9 \u00e0 100 %.\" \/>\n<meta property=\"og:url\" content=\"https:\/\/www.skylinewealthmanagement.ca\/fr\/dans-les-medias\/le-centre-bayers-lake-de-skyline-industrial-reit-dans-le-globe-and-mail\/\" \/>\n<meta property=\"og:site_name\" content=\"Skyline\" \/>\n<meta property=\"article:published_time\" content=\"2026-08-11T12:37:08+00:00\" \/>\n<meta property=\"article:modified_time\" content=\"2026-09-01T13:15:09+00:00\" \/>\n<meta property=\"og:image\" content=\"https:\/\/www.skylinegroupofcompanies.ca\/wp-content\/uploads\/2026\/08\/OG-GM-BayersLake-1.jpg\" \/>\n\t<meta property=\"og:image:width\" content=\"1200\" \/>\n\t<meta property=\"og:image:height\" content=\"630\" \/>\n\t<meta property=\"og:image:type\" content=\"image\/jpeg\" \/>\n<meta name=\"author\" content=\"Skyline Group of Compaines\" \/>\n<meta name=\"twitter:card\" content=\"summary_large_image\" \/>\n<meta name=\"twitter:title\" content=\"Le centre Bayers Lake de Skyline Industrial REIT dans le Globe and Mail\" \/>\n<meta name=\"twitter:description\" content=\"Dans un article sur la baisse des taux d\u2019inoccupation industriels, le journal The Globe and Mail souligne que le centre industriel Bayers Lake est lou\u00e9 \u00e0 100 %.\" \/>\n<meta name=\"twitter:image\" content=\"https:\/\/www.skylinegroupofcompanies.ca\/wp-content\/uploads\/2026\/08\/OG-X-GM-BayersLake-1.jpg\" \/>\n<meta name=\"twitter:label1\" content=\"\u00c9crit par\" \/>\n\t<meta name=\"twitter:data1\" content=\"Skyline Group of Compaines\" \/>\n\t<meta name=\"twitter:label2\" content=\"Dur\u00e9e de lecture estim\u00e9e\" \/>\n\t<meta name=\"twitter:data2\" content=\"2 minutes\" \/>\n<!-- \/ Yoast SEO plugin. -->","yoast_head_json":{"title":"Le centre Bayers Lake de Skyline Industrial REIT dans le Globe and Mail | Skyline","description":"Dans un article sur la baisse des taux d\u2019inoccupation industriels, le journal The Globe and Mail souligne que le centre industriel Bayers Lake est lou\u00e9 \u00e0 100 %.","robots":{"index":"index","follow":"follow","max-snippet":"max-snippet:-1","max-image-preview":"max-image-preview:large","max-video-preview":"max-video-preview:-1"},"canonical":"https:\/\/www.skylinewealthmanagement.ca\/fr\/dans-les-medias\/le-centre-bayers-lake-de-skyline-industrial-reit-dans-le-globe-and-mail\/","og_locale":"fr_FR","og_type":"article","og_title":"Le centre Bayers Lake de Skyline Industrial REIT dans le Globe and Mail","og_description":"Dans un article sur la baisse des taux d\u2019inoccupation industriels, le journal The Globe and Mail souligne que le centre industriel Bayers Lake est lou\u00e9 \u00e0 100 %.","og_url":"https:\/\/www.skylinewealthmanagement.ca\/fr\/dans-les-medias\/le-centre-bayers-lake-de-skyline-industrial-reit-dans-le-globe-and-mail\/","og_site_name":"Skyline","article_published_time":"2026-08-11T12:37:08+00:00","article_modified_time":"2026-09-01T13:15:09+00:00","og_image":[{"width":1200,"height":630,"url":"https:\/\/www.skylinegroupofcompanies.ca\/wp-content\/uploads\/2026\/08\/OG-GM-BayersLake-1.jpg","type":"image\/jpeg"}],"author":"Skyline Group of Compaines","twitter_card":"summary_large_image","twitter_title":"Le centre Bayers Lake de Skyline Industrial REIT dans le Globe and Mail","twitter_description":"Dans un article sur la baisse des taux d\u2019inoccupation industriels, le journal The Globe and Mail souligne que le centre industriel Bayers Lake est lou\u00e9 \u00e0 100 %.","twitter_image":"https:\/\/www.skylinegroupofcompanies.ca\/wp-content\/uploads\/2026\/08\/OG-X-GM-BayersLake-1.jpg","twitter_misc":{"\u00c9crit par":"Skyline Group of Compaines","Dur\u00e9e de lecture estim\u00e9e":"2 minutes"},"schema":{"@context":"https:\/\/schema.org","@graph":[{"@type":"Article","@id":"https:\/\/www.skylinewealthmanagement.ca\/fr\/dans-les-medias\/le-centre-bayers-lake-de-skyline-industrial-reit-dans-le-globe-and-mail\/#article","isPartOf":{"@id":"https:\/\/www.skylinegroupofcompanies.ca\/fr\/news-fr\/le-centre-bayers-lake-de-skyline-industrial-reit-dans-le-globe-and-mail\/"},"author":{"name":"Skyline Group of Compaines","@id":"https:\/\/www.skylinegroupofcompanies.ca\/#\/schema\/person\/07ab0dafa264a07cfba6abd835a1326e"},"headline":"Le centre Bayers Lake de Skyline Industrial REIT dans le Globe and Mail","datePublished":"2026-08-11T12:37:08+00:00","dateModified":"2026-09-01T13:15:09+00:00","mainEntityOfPage":{"@id":"https:\/\/www.skylinegroupofcompanies.ca\/fr\/news-fr\/le-centre-bayers-lake-de-skyline-industrial-reit-dans-le-globe-and-mail\/"},"wordCount":434,"publisher":{"@id":"https:\/\/www.skylinegroupofcompanies.ca\/#organization"},"articleSection":["News","Skyline dans les m\u00e9dias","Skyline Industrial REIT","Skyline Wealth Management"],"inLanguage":"fr-FR"},{"@type":"WebPage","@id":"https:\/\/www.skylinegroupofcompanies.ca\/fr\/news-fr\/le-centre-bayers-lake-de-skyline-industrial-reit-dans-le-globe-and-mail\/","url":"https:\/\/www.skylinewealthmanagement.ca\/fr\/dans-les-medias\/le-centre-bayers-lake-de-skyline-industrial-reit-dans-le-globe-and-mail\/","name":"Le centre Bayers Lake de Skyline Industrial REIT dans le Globe and Mail | Skyline","isPartOf":{"@id":"https:\/\/www.skylinegroupofcompanies.ca\/#website"},"datePublished":"2026-08-11T12:37:08+00:00","dateModified":"2026-09-01T13:15:09+00:00","description":"Dans un article sur la baisse des taux d\u2019inoccupation industriels, le journal The Globe and Mail souligne que le centre industriel Bayers Lake est lou\u00e9 \u00e0 100 %.","breadcrumb":{"@id":"https:\/\/www.skylinewealthmanagement.ca\/fr\/dans-les-medias\/le-centre-bayers-lake-de-skyline-industrial-reit-dans-le-globe-and-mail\/#breadcrumb"},"inLanguage":"fr-FR","potentialAction":[{"@type":"ReadAction","target":["https:\/\/www.skylinewealthmanagement.ca\/fr\/dans-les-medias\/le-centre-bayers-lake-de-skyline-industrial-reit-dans-le-globe-and-mail\/"]}]},{"@type":"BreadcrumbList","@id":"https:\/\/www.skylinewealthmanagement.ca\/fr\/dans-les-medias\/le-centre-bayers-lake-de-skyline-industrial-reit-dans-le-globe-and-mail\/#breadcrumb","itemListElement":[{"@type":"ListItem","position":1,"name":"Home","item":"https:\/\/www.skylinegroupofcompanies.ca\/fr\/"},{"@type":"ListItem","position":2,"name":"Le centre Bayers Lake de Skyline Industrial REIT dans le Globe and Mail"}]},{"@type":"WebSite","@id":"https:\/\/www.skylinegroupofcompanies.ca\/#website","url":"https:\/\/www.skylinegroupofcompanies.ca\/","name":"Skyline","description":"We offer services in real estate and clean energy","publisher":{"@id":"https:\/\/www.skylinegroupofcompanies.ca\/#organization"},"alternateName":"Skyline GOC","potentialAction":[{"@type":"SearchAction","target":{"@type":"EntryPoint","urlTemplate":"https:\/\/www.skylinegroupofcompanies.ca\/?s={search_term_string}"},"query-input":{"@type":"PropertyValueSpecification","valueRequired":true,"valueName":"search_term_string"}}],"inLanguage":"fr-FR"},{"@type":"Organization","@id":"https:\/\/www.skylinegroupofcompanies.ca\/#organization","name":"Skyline Group of Companies","url":"https:\/\/www.skylinegroupofcompanies.ca\/","logo":{"@type":"ImageObject","inLanguage":"fr-FR","@id":"https:\/\/www.skylinegroupofcompanies.ca\/#\/schema\/logo\/image\/","url":"https:\/\/www.skylinegroupofcompanies.ca\/wp-content\/uploads\/2020\/09\/logo-blue.svg","contentUrl":"https:\/\/www.skylinegroupofcompanies.ca\/wp-content\/uploads\/2020\/09\/logo-blue.svg","width":1,"height":1,"caption":"Skyline Group of Companies"},"image":{"@id":"https:\/\/www.skylinegroupofcompanies.ca\/#\/schema\/logo\/image\/"}},{"@type":"Person","@id":"https:\/\/www.skylinegroupofcompanies.ca\/#\/schema\/person\/07ab0dafa264a07cfba6abd835a1326e","name":"Skyline Group of Compaines","image":{"@type":"ImageObject","inLanguage":"fr-FR","@id":"https:\/\/secure.gravatar.com\/avatar\/65d09e01b2583aadb145d2a72116e0d1e2d9db204738e82b1e8cfb1ae2efb0e2?s=96&d=mm&r=g","url":"https:\/\/secure.gravatar.com\/avatar\/65d09e01b2583aadb145d2a72116e0d1e2d9db204738e82b1e8cfb1ae2efb0e2?s=96&d=mm&r=g","contentUrl":"https:\/\/secure.gravatar.com\/avatar\/65d09e01b2583aadb145d2a72116e0d1e2d9db204738e82b1e8cfb1ae2efb0e2?s=96&d=mm&r=g","caption":"Skyline Group of Compaines"}}]}},"_links":{"self":[{"href":"https:\/\/www.skylinegroupofcompanies.ca\/fr\/wp-json\/wp\/v2\/posts\/84747","targetHints":{"allow":["GET"]}}],"collection":[{"href":"https:\/\/www.skylinegroupofcompanies.ca\/fr\/wp-json\/wp\/v2\/posts"}],"about":[{"href":"https:\/\/www.skylinegroupofcompanies.ca\/fr\/wp-json\/wp\/v2\/types\/post"}],"author":[{"embeddable":true,"href":"https:\/\/www.skylinegroupofcompanies.ca\/fr\/wp-json\/wp\/v2\/users\/33"}],"replies":[{"embeddable":true,"href":"https:\/\/www.skylinegroupofcompanies.ca\/fr\/wp-json\/wp\/v2\/comments?post=84747"}],"version-history":[{"count":6,"href":"https:\/\/www.skylinegroupofcompanies.ca\/fr\/wp-json\/wp\/v2\/posts\/84747\/revisions"}],"predecessor-version":[{"id":84788,"href":"https:\/\/www.skylinegroupofcompanies.ca\/fr\/wp-json\/wp\/v2\/posts\/84747\/revisions\/84788"}],"wp:attachment":[{"href":"https:\/\/www.skylinegroupofcompanies.ca\/fr\/wp-json\/wp\/v2\/media?parent=84747"}],"wp:term":[{"taxonomy":"category","embeddable":true,"href":"https:\/\/www.skylinegroupofcompanies.ca\/fr\/wp-json\/wp\/v2\/categories?post=84747"},{"taxonomy":"post_tag","embeddable":true,"href":"https:\/\/www.skylinegroupofcompanies.ca\/fr\/wp-json\/wp\/v2\/tags?post=84747"}],"curies":[{"name":"wp","href":"https:\/\/api.w.org\/{rel}","templated":true}]}}