{"id":83215,"date":"2026-03-10T14:29:16","date_gmt":"2026-03-10T18:29:16","guid":{"rendered":"https:\/\/www.skylinegroupofcompanies.ca\/?p=83215"},"modified":"2026-03-10T14:29:18","modified_gmt":"2026-03-10T18:29:18","slug":"skyline-amasse-150-519-a-la-nuit-la-plus-froide-de-lannee-2026","status":"publish","type":"post","link":"https:\/\/www.skylinegroupofcompanies.ca\/fr\/news-fr\/skyline-amasse-150-519-a-la-nuit-la-plus-froide-de-lannee-2026\/","title":{"rendered":"Skyline amasse 150 519 $ \u00e0 La nuit la plus froide de l\u2019ann\u00e9e 2026"},"content":{"rendered":"<p>[Guelph (Ontario) \u2013 Le 10 mars 2026]<\/p>\n<p>Le 28 f\u00e9vrier 2026, les membres du personnel de Skyline partout au Canada, accompagn\u00e9s de leurs amis, de leurs proches et de r\u00e9sidants, ont particip\u00e9 \u00e0 la marche et campagne de financement <em>La nuit la plus froide de l\u2019ann\u00e9e<\/em>, au cours de laquelle ils ont amass\u00e9 150 519 $ pour des organismes de bienfaisance locaux offrant des services essentiels aux personnes dans le besoin.<\/p>\n<p>Skyline a promis une contribution \u00e9quivalente \u00e0 chaque dollar amass\u00e9 jusqu\u2019au 27 f\u00e9vrier, ce qui a favoris\u00e9 un haut degr\u00e9 de participation chez l\u2019ensemble du personnel et permis \u00e0 l\u2019entreprise de d\u00e9passer son objectif. En date du 10 mars, Skyline est num\u00e9ro 1 parmi toutes les entreprises participantes au Canada pour une deuxi\u00e8me ann\u00e9e cons\u00e9cutive et num\u00e9ro 1 parmi les entreprises participantes du secteur de l\u2019immobilier.<\/p>\n<h2>\u00c9quipes de Skyline qui ont amass\u00e9 le plus d\u2019argent<\/h2>\n<ol>\n<li>Brantford (Ontario) : 12 242,50 $<\/li>\n<li>Cambridge et Paris (Ontario) : 6 454 $<\/li>\n<li>Montr\u00e9al (Qu\u00e9bec) : 6 235 $<\/li>\n<li>Kingston (Ontario) : 5 700 $<\/li>\n<li>Calgary (Alberta) : 5 400 $<\/li>\n<\/ol>\n<h2>Personnes qui ont amass\u00e9 le plus d\u2019argent individuellement<\/h2>\n<ol>\n<li>Susan Zizek, Calgary (Alberta) : 4 300 $<\/li>\n<li>Colleen Hynes (Nouvelle-\u00c9cosse) : 3 900 $<\/li>\n<li>Amanda Roorda, Brantford (Ontario) : 3 821 $<\/li>\n<li>Katharine Boughner, Montr\u00e9al (Qu\u00e9bec) : 3 275 $<\/li>\n<li>Nicole Peters, Kingston (Ontario) : 2 550 $<\/li>\n<\/ol>\n<p>Les fonds recueillis par les \u00e9quipes Skyline iront \u00e0 des organismes de bienfaisance qui aident les personnes composant avec la faim, la souffrance et l\u2019itin\u00e9rance partout au Canada dans les collectivit\u00e9s o\u00f9 l\u2019entreprise est pr\u00e9sente.<\/p>\n<p>\u00c0 l\u2019\u00e9chelle nationale, la campagne <em>La nuit la plus froide de l\u2019ann\u00e9e<\/em> 2026 a amass\u00e9 plus de 15,2 millions de dollars gr\u00e2ce \u00e0 la participation de 6 508 \u00e9quipes r\u00e9unissant 40 172 marcheurs.<\/p>\n<p>Il est encore possible de faire un don sur le <a href=\"https:\/\/cnoy.org\/challenge\/skylinegroupofcompanies\" target=\"_blank\" rel=\"noopener\" hreflang=\"en\">portail de Skyline<\/a>, qui reste ouvert jusqu\u2019au 31 mars.<\/p>\n<p>Nous tenons \u00e0 remercier tous les membres de notre personnel, nos amis, nos proches, nos r\u00e9sidants et nos partenaires communautaires pour leur participation \u00e0 la campagne de cette ann\u00e9e. Gr\u00e2ce \u00e0 votre g\u00e9n\u00e9rosit\u00e9 et \u00e0 votre engagement, nous pouvons susciter des changements positifs dans les collectivit\u00e9s o\u00f9 nous sommes pr\u00e9sents.<\/p>\n<p>_____________________<\/p>\n<h2>Au sujet de Skyline<\/h2>\n<p>Skyline est une entit\u00e9 pleinement int\u00e9gr\u00e9e consacr\u00e9e \u00e0 l\u2019acquisition, \u00e0 la gestion, \u00e0 la promotion et \u00e0 l\u2019investissement d\u2019actifs.<\/p>\n<p>Elle est compos\u00e9e de soci\u00e9t\u00e9s offrant des services de gestion et de promotion dans les secteurs de l\u2019immobilier et des infrastructures d\u2019\u00e9nergie renouvelable.<\/p>\n<p>\u00c0 l\u2019heure actuelle, Skyline g\u00e8re un portefeuille de plus de 10 milliards de dollars* en biens immobiliers et en infrastructures d\u2019\u00e9nergie renouvelable.<\/p>\n<p>Forte d\u2019un effectif de quelque 1 000 personnes partout au Canada, Skyline s\u2019emploie \u00e0 offrir \u00e0 ses locataires des milieux de vie propres, confortables et s\u00e9curitaires, des environnements propices aux affaires, des solutions durables pour assurer un avenir vert et une exp\u00e9rience conviviale \u00e0 ses investisseurs.<\/p>\n<p>Pour en savoir plus sur Skyline, rendez-vous sur le site <a href=\"https:\/\/www.skylinegroupofcompanies.ca\/fr\/\">SkylineGroupOfCompanies.ca<\/a>.<\/p>\n<p>*Comprend l\u2019ensemble des <a href=\"https:\/\/www.skylinegroupofcompanies.ca\/fr\/disclaimer\/\">entit\u00e9s de Skyline<\/a> sous gestion et contr\u00f4le communs. Au 31 d\u00e9cembre 2025.<\/p>\n<h3>Demandes de renseignements des m\u00e9dias :<\/h3>\n<address>Cindy Beverly<br \/>\nVice-pr\u00e9sidente, Marketing et communications<br \/>\nSkyline<br \/>\n5, rue Douglas, bureau 301<br \/>\nGuelph (Ontario) N1H 2S8<br \/>\n<a href=\"mailto:cbeverly@skylinegrp.ca?subject=Skyline Media Inquiry\">cbeverly@skylinegrp.ca<\/a><\/address>\n","protected":false},"excerpt":{"rendered":"<p>[Guelph (Ontario) \u2013 Le 10 mars 2026] Le 28 f\u00e9vrier 2026, les membres du personnel de Skyline partout au Canada, accompagn\u00e9s de leurs amis, de leurs proches et de r\u00e9sidants, ont particip\u00e9 \u00e0 la marche et campagne de financement La nuit la plus froide de l\u2019ann\u00e9e, au cours de laquelle ils ont amass\u00e9 150 519 [&hellip;]<\/p>\n","protected":false},"author":30,"featured_media":0,"comment_status":"closed","ping_status":"closed","sticky":false,"template":"","format":"standard","meta":{"_acf_changed":false,"footnotes":"","_links_to":"","_links_to_target":""},"categories":[95,88],"tags":[],"class_list":["post-83215","post","type-post","status-publish","format-standard","hentry","category-sustainability-fr","category-news-fr"],"acf":[],"yoast_head":"<!-- This site is optimized with the Yoast SEO plugin v27.4 - https:\/\/yoast.com\/product\/yoast-seo-wordpress\/ -->\n<title>Skyline amasse 150 519 $ \u00e0 La nuit la plus froide de l\u2019ann\u00e9e 2026 | Skyline<\/title>\n<meta name=\"description\" content=\"Partout au Canada, les \u00e9quipes Skyline ont march\u00e9 et amass\u00e9 des fonds pour des organismes de lutte contre la faim, la souffrance et l\u2019itin\u00e9rance des environs.\" \/>\n<meta name=\"robots\" content=\"index, follow, max-snippet:-1, max-image-preview:large, max-video-preview:-1\" \/>\n<link rel=\"canonical\" href=\"https:\/\/www.skylinegroupofcompanies.ca\/fr\/news-fr\/skyline-amasse-150-519-a-la-nuit-la-plus-froide-de-lannee-2026\/\" \/>\n<meta property=\"og:locale\" content=\"fr_FR\" \/>\n<meta property=\"og:type\" content=\"article\" \/>\n<meta property=\"og:title\" content=\"Skyline amasse 150 519 $ \u00e0 La nuit la plus froide de l\u2019ann\u00e9e 2026\" \/>\n<meta property=\"og:description\" content=\"Partout au Canada, les \u00e9quipes Skyline ont march\u00e9 et amass\u00e9 des fonds pour des organismes de lutte contre la faim, la souffrance et l\u2019itin\u00e9rance des environs.\" \/>\n<meta property=\"og:url\" content=\"https:\/\/www.skylinegroupofcompanies.ca\/fr\/news-fr\/skyline-amasse-150-519-a-la-nuit-la-plus-froide-de-lannee-2026\/\" \/>\n<meta property=\"og:site_name\" content=\"Skyline\" \/>\n<meta property=\"article:published_time\" content=\"2026-03-10T18:29:16+00:00\" \/>\n<meta property=\"article:modified_time\" content=\"2026-03-10T18:29:18+00:00\" \/>\n<meta property=\"og:image\" content=\"https:\/\/www.skylinegroupofcompanies.ca\/wp-content\/uploads\/2026\/03\/OG-CNOTYpost-FR.jpg\" \/>\n\t<meta property=\"og:image:width\" content=\"1200\" \/>\n\t<meta property=\"og:image:height\" content=\"630\" \/>\n\t<meta property=\"og:image:type\" content=\"image\/jpeg\" \/>\n<meta name=\"author\" content=\"Skyline Group of Companies\" \/>\n<meta name=\"twitter:card\" content=\"summary_large_image\" \/>\n<meta name=\"twitter:title\" content=\"Skyline amasse 150 519 $ \u00e0 La nuit la plus froide de l\u2019ann\u00e9e 2026\" \/>\n<meta name=\"twitter:description\" content=\"Partout au Canada, les \u00e9quipes Skyline ont march\u00e9 et amass\u00e9 des fonds pour des organismes de lutte contre la faim, la souffrance et l\u2019itin\u00e9rance des environs.\" \/>\n<meta name=\"twitter:image\" content=\"https:\/\/www.skylinegroupofcompanies.ca\/wp-content\/uploads\/2026\/03\/OG-X-CNOTYpost-FR.jpg\" \/>\n<meta name=\"twitter:label1\" content=\"\u00c9crit par\" \/>\n\t<meta name=\"twitter:data1\" content=\"Skyline Group of Companies\" \/>\n\t<meta name=\"twitter:label2\" content=\"Dur\u00e9e de lecture estim\u00e9e\" \/>\n\t<meta name=\"twitter:data2\" content=\"3 minutes\" \/>\n<!-- \/ Yoast SEO plugin. -->","yoast_head_json":{"title":"Skyline amasse 150 519 $ \u00e0 La nuit la plus froide de l\u2019ann\u00e9e 2026 | Skyline","description":"Partout au Canada, les \u00e9quipes Skyline ont march\u00e9 et amass\u00e9 des fonds pour des organismes de lutte contre la faim, la souffrance et l\u2019itin\u00e9rance des environs.","robots":{"index":"index","follow":"follow","max-snippet":"max-snippet:-1","max-image-preview":"max-image-preview:large","max-video-preview":"max-video-preview:-1"},"canonical":"https:\/\/www.skylinegroupofcompanies.ca\/fr\/news-fr\/skyline-amasse-150-519-a-la-nuit-la-plus-froide-de-lannee-2026\/","og_locale":"fr_FR","og_type":"article","og_title":"Skyline amasse 150 519 $ \u00e0 La nuit la plus froide de l\u2019ann\u00e9e 2026","og_description":"Partout au Canada, les \u00e9quipes Skyline ont march\u00e9 et amass\u00e9 des fonds pour des organismes de lutte contre la faim, la souffrance et l\u2019itin\u00e9rance des environs.","og_url":"https:\/\/www.skylinegroupofcompanies.ca\/fr\/news-fr\/skyline-amasse-150-519-a-la-nuit-la-plus-froide-de-lannee-2026\/","og_site_name":"Skyline","article_published_time":"2026-03-10T18:29:16+00:00","article_modified_time":"2026-03-10T18:29:18+00:00","og_image":[{"width":1200,"height":630,"url":"https:\/\/www.skylinegroupofcompanies.ca\/wp-content\/uploads\/2026\/03\/OG-CNOTYpost-FR.jpg","type":"image\/jpeg"}],"author":"Skyline Group of Companies","twitter_card":"summary_large_image","twitter_title":"Skyline amasse 150 519 $ \u00e0 La nuit la plus froide de l\u2019ann\u00e9e 2026","twitter_description":"Partout au Canada, les \u00e9quipes Skyline ont march\u00e9 et amass\u00e9 des fonds pour des organismes de lutte contre la faim, la souffrance et l\u2019itin\u00e9rance des environs.","twitter_image":"https:\/\/www.skylinegroupofcompanies.ca\/wp-content\/uploads\/2026\/03\/OG-X-CNOTYpost-FR.jpg","twitter_misc":{"\u00c9crit par":"Skyline Group of Companies","Dur\u00e9e de lecture estim\u00e9e":"3 minutes"},"schema":{"@context":"https:\/\/schema.org","@graph":[{"@type":"Article","@id":"https:\/\/www.skylinegroupofcompanies.ca\/fr\/news-fr\/skyline-amasse-150-519-a-la-nuit-la-plus-froide-de-lannee-2026\/#article","isPartOf":{"@id":"https:\/\/www.skylinegroupofcompanies.ca\/fr\/news-fr\/skyline-amasse-150-519-a-la-nuit-la-plus-froide-de-lannee-2026\/"},"author":{"name":"Skyline Group of Companies","@id":"https:\/\/www.skylinegroupofcompanies.ca\/#\/schema\/person\/ec4603be97c006c1de096e3ea827a556"},"headline":"Skyline amasse 150 519 $ \u00e0 La nuit la plus froide de l\u2019ann\u00e9e 2026","datePublished":"2026-03-10T18:29:16+00:00","dateModified":"2026-03-10T18:29:18+00:00","mainEntityOfPage":{"@id":"https:\/\/www.skylinegroupofcompanies.ca\/fr\/news-fr\/skyline-amasse-150-519-a-la-nuit-la-plus-froide-de-lannee-2026\/"},"wordCount":520,"publisher":{"@id":"https:\/\/www.skylinegroupofcompanies.ca\/#organization"},"articleSection":["D\u00e9veloppement durable","News"],"inLanguage":"fr-FR"},{"@type":"WebPage","@id":"https:\/\/www.skylinegroupofcompanies.ca\/fr\/news-fr\/skyline-amasse-150-519-a-la-nuit-la-plus-froide-de-lannee-2026\/","url":"https:\/\/www.skylinegroupofcompanies.ca\/fr\/news-fr\/skyline-amasse-150-519-a-la-nuit-la-plus-froide-de-lannee-2026\/","name":"Skyline amasse 150 519 $ \u00e0 La nuit la plus froide de l\u2019ann\u00e9e 2026 | Skyline","isPartOf":{"@id":"https:\/\/www.skylinegroupofcompanies.ca\/#website"},"datePublished":"2026-03-10T18:29:16+00:00","dateModified":"2026-03-10T18:29:18+00:00","description":"Partout au Canada, les \u00e9quipes Skyline ont march\u00e9 et amass\u00e9 des fonds pour des organismes de lutte contre la faim, la souffrance et l\u2019itin\u00e9rance des environs.","breadcrumb":{"@id":"https:\/\/www.skylinegroupofcompanies.ca\/fr\/news-fr\/skyline-amasse-150-519-a-la-nuit-la-plus-froide-de-lannee-2026\/#breadcrumb"},"inLanguage":"fr-FR","potentialAction":[{"@type":"ReadAction","target":["https:\/\/www.skylinegroupofcompanies.ca\/fr\/news-fr\/skyline-amasse-150-519-a-la-nuit-la-plus-froide-de-lannee-2026\/"]}]},{"@type":"BreadcrumbList","@id":"https:\/\/www.skylinegroupofcompanies.ca\/fr\/news-fr\/skyline-amasse-150-519-a-la-nuit-la-plus-froide-de-lannee-2026\/#breadcrumb","itemListElement":[{"@type":"ListItem","position":1,"name":"Home","item":"https:\/\/www.skylinegroupofcompanies.ca\/fr\/"},{"@type":"ListItem","position":2,"name":"Skyline amasse 150 519 $ \u00e0 La nuit la plus froide de l\u2019ann\u00e9e 2026"}]},{"@type":"WebSite","@id":"https:\/\/www.skylinegroupofcompanies.ca\/#website","url":"https:\/\/www.skylinegroupofcompanies.ca\/","name":"Skyline","description":"We offer services in real estate and clean energy","publisher":{"@id":"https:\/\/www.skylinegroupofcompanies.ca\/#organization"},"alternateName":"Skyline GOC","potentialAction":[{"@type":"SearchAction","target":{"@type":"EntryPoint","urlTemplate":"https:\/\/www.skylinegroupofcompanies.ca\/?s={search_term_string}"},"query-input":{"@type":"PropertyValueSpecification","valueRequired":true,"valueName":"search_term_string"}}],"inLanguage":"fr-FR"},{"@type":"Organization","@id":"https:\/\/www.skylinegroupofcompanies.ca\/#organization","name":"Skyline Group of Companies","url":"https:\/\/www.skylinegroupofcompanies.ca\/","logo":{"@type":"ImageObject","inLanguage":"fr-FR","@id":"https:\/\/www.skylinegroupofcompanies.ca\/#\/schema\/logo\/image\/","url":"https:\/\/www.skylinegroupofcompanies.ca\/wp-content\/uploads\/2020\/09\/logo-blue.svg","contentUrl":"https:\/\/www.skylinegroupofcompanies.ca\/wp-content\/uploads\/2020\/09\/logo-blue.svg","width":1,"height":1,"caption":"Skyline Group of Companies"},"image":{"@id":"https:\/\/www.skylinegroupofcompanies.ca\/#\/schema\/logo\/image\/"}},{"@type":"Person","@id":"https:\/\/www.skylinegroupofcompanies.ca\/#\/schema\/person\/ec4603be97c006c1de096e3ea827a556","name":"Skyline Group of Companies","image":{"@type":"ImageObject","inLanguage":"fr-FR","@id":"https:\/\/secure.gravatar.com\/avatar\/639dea1e28cd25fbd577e0403b28ca4fb22ff4958d631163b079bf6bf4550ea2?s=96&d=mm&r=g","url":"https:\/\/secure.gravatar.com\/avatar\/639dea1e28cd25fbd577e0403b28ca4fb22ff4958d631163b079bf6bf4550ea2?s=96&d=mm&r=g","contentUrl":"https:\/\/secure.gravatar.com\/avatar\/639dea1e28cd25fbd577e0403b28ca4fb22ff4958d631163b079bf6bf4550ea2?s=96&d=mm&r=g","caption":"Skyline Group of Companies"}}]}},"_links":{"self":[{"href":"https:\/\/www.skylinegroupofcompanies.ca\/fr\/wp-json\/wp\/v2\/posts\/83215","targetHints":{"allow":["GET"]}}],"collection":[{"href":"https:\/\/www.skylinegroupofcompanies.ca\/fr\/wp-json\/wp\/v2\/posts"}],"about":[{"href":"https:\/\/www.skylinegroupofcompanies.ca\/fr\/wp-json\/wp\/v2\/types\/post"}],"author":[{"embeddable":true,"href":"https:\/\/www.skylinegroupofcompanies.ca\/fr\/wp-json\/wp\/v2\/users\/30"}],"replies":[{"embeddable":true,"href":"https:\/\/www.skylinegroupofcompanies.ca\/fr\/wp-json\/wp\/v2\/comments?post=83215"}],"version-history":[{"count":3,"href":"https:\/\/www.skylinegroupofcompanies.ca\/fr\/wp-json\/wp\/v2\/posts\/83215\/revisions"}],"predecessor-version":[{"id":83231,"href":"https:\/\/www.skylinegroupofcompanies.ca\/fr\/wp-json\/wp\/v2\/posts\/83215\/revisions\/83231"}],"wp:attachment":[{"href":"https:\/\/www.skylinegroupofcompanies.ca\/fr\/wp-json\/wp\/v2\/media?parent=83215"}],"wp:term":[{"taxonomy":"category","embeddable":true,"href":"https:\/\/www.skylinegroupofcompanies.ca\/fr\/wp-json\/wp\/v2\/categories?post=83215"},{"taxonomy":"post_tag","embeddable":true,"href":"https:\/\/www.skylinegroupofcompanies.ca\/fr\/wp-json\/wp\/v2\/tags?post=83215"}],"curies":[{"name":"wp","href":"https:\/\/api.w.org\/{rel}","templated":true}]}}