{"id":81784,"date":"2025-09-11T10:33:05","date_gmt":"2025-09-11T14:33:05","guid":{"rendered":"https:\/\/www.skylinegroupofcompanies.ca\/?p=81784"},"modified":"2025-09-23T08:58:27","modified_gmt":"2025-09-23T12:58:27","slug":"la-vp-de-skyline-living-reconnue-par-le-secteur-des-immeubles-multifamiliaux","status":"publish","type":"post","link":"https:\/\/www.skylinegroupofcompanies.ca\/fr\/news-fr\/la-vp-de-skyline-living-reconnue-par-le-secteur-des-immeubles-multifamiliaux\/","title":{"rendered":"La VP de Skyline Living : reconnue par le secteur des immeubles multifamiliaux"},"content":{"rendered":"<p>[Guelph (Ontario) \u2013 Le 11 septembre 2025]<\/p>\n<p>Le 11 septembre, <a href=\"https:\/\/www.skylineliving.ca\/fr\/about\/management-team\/\" target=\"_blank\" rel=\"noopener\">BJ Santavy<\/a>, vice-pr\u00e9sidente de Skyline Living, s\u2019est class\u00e9e parmi les meilleurs professionnels et professionnelles du secteur des immeubles \u00e0 logements multiples au Canada et aux \u00c9tats-Unis dans le palmar\u00e8s ApartmentBuildings.com 100 de Connect <abbr lang=\"en\" title=\"Commercial Real Estate\">CRE<\/abbr> en 2025.<\/p>\n<p>Ce classement est consacr\u00e9 aux leaders qui contribuent au progr\u00e8s et \u00e0 la r\u00e9ussite du secteur des immeubles \u00e0 logements multiples, notamment dans les domaines de la gestion immobili\u00e8re, de l\u2019am\u00e9nagement, du d\u00e9veloppement durable, des technologies et de la finance. BJ a \u00e9t\u00e9 choisie pour sa vision strat\u00e9gique, son accent sur les besoins des locataires et sa capacit\u00e9 \u00e0 susciter des retomb\u00e9es positives et durables.<\/p>\n<blockquote><p>\u00ab En plus de jouer un r\u00f4le central dans la croissance et l\u2019\u00e9volution de Skyline Living \u00e0 titre de fournisseur de logements locatifs, BJ a travaill\u00e9 activement pour rendre le secteur canadien du logement locatif encore plus inclusif et ax\u00e9 sur les besoins des locataires \u00bb, a d\u00e9clar\u00e9 <a href=\"https:\/\/www.skylinegroupofcompanies.ca\/fr\/our-team\/andy-coutts\/\">Andy Coutts<\/a>, vice-pr\u00e9sident directeur, Exploitation, Skyline.<\/p>\n<p>\u00ab En apportant avec brio de vastes changements \u00e0 la structure et \u00e0 la culture d\u2019entreprise de Skyline Living, elle a prouv\u00e9 que la sant\u00e9 d\u2019un immeuble \u00e0 logements multiples repose aussi bien sur une exploitation efficace que sur l\u2019appartenance \u00e0 la communaut\u00e9. Aujourd\u2019hui, elle demeure l\u2019une des voix les plus respect\u00e9es de notre secteur. \u00bb<\/p><\/blockquote>\n<p><a href=\"https:\/\/www.connectcre.ca\/stories\/skylines-santavy-receives-apartment-buildings-100-innovators-award\/\" target=\"_blank\" rel=\"noopener\">Les r\u00e9alisations de BJ ont \u00e9t\u00e9 mises en avant dans un article de Connect Canada CRE.<\/a><\/p>\n<p>Ce prix s\u2019ajoute \u00e0 la liste croissante des distinctions qu\u2019a re\u00e7ues BJ, notamment le <a href=\"https:\/\/www.skylinegroupofcompanies.ca\/fr\/news-fr\/bj-santavy-vice-presidente-de-skyline-living-a-recu-un-prix-a-la-premiere-edition-du-concours-canadian-women-in-real-estate\/\">prix <em>Canadian Women in Real Estate<\/em> 2023<\/a> (dans la cat\u00e9gorie nationale) et le <a href=\"https:\/\/www.skylinegroupofcompanies.ca\/fr\/news-fr\/la-vp-de-skyline-living-recoit-un-prix-de-leadership-sectoriel\/\">prix du leadership au sein de l\u2019industrie 2024<\/a> d\u00e9cern\u00e9 par Rental Housing Providers of Nova Scotia (<abbr>RHPNS<\/abbr>), anciennement appel\u00e9e <abbr lang=\"en\" title=\"Investment Owner Property Association of Nova Scotia\">IPOANS<\/abbr>.<\/p>\n<p>En tant que mentore, conf\u00e9renci\u00e8re et leader d\u2019opinion, BJ a occup\u00e9 des postes de direction au sein de Logement Locatif Canada, de la Federation of Rental-Housing Providers of Ontario (<abbr>FRPO<\/abbr>) et de la London Property Management Association (<abbr>LPMA<\/abbr>). Par son leadership, elle continue de stimuler la nationale de Skyline Living \u00e0 l\u2019\u00e9chelle nationale tout en veillant \u00e0 la solidit\u00e9, \u00e0 l\u2019\u00e9volutivit\u00e9 et au sens communautaire des activit\u00e9s de l\u2019entreprise.<\/p>\n<p>F\u00e9licitations \u00e0 BJ pour cette distinction bien m\u00e9rit\u00e9e.<\/p>\n<p>_____________________<\/p>\n<h2>Au sujet de Skyline<\/h2>\n<p>Skyline est une entit\u00e9 pleinement int\u00e9gr\u00e9e consacr\u00e9e \u00e0 l\u2019acquisition, \u00e0 la gestion, \u00e0 la promotion et \u00e0 l\u2019investissement d\u2019actifs.<\/p>\n<p>Elle est compos\u00e9e de soci\u00e9t\u00e9s offrant des services de gestion et de promotion dans les secteurs de l\u2019immobilier et des infrastructures d\u2019\u00e9nergie renouvelable.<\/p>\n<p>\u00c0 l\u2019heure actuelle, Skyline g\u00e8re un portefeuille de plus de 9 milliards de dollars* en biens immobiliers et en infrastructures d\u2019\u00e9nergie renouvelable.<\/p>\n<p>Forte d\u2019un effectif de quelque 1 000 personnes partout au Canada, Skyline s\u2019emploie \u00e0 offrir \u00e0 ses locataires des milieux de vie propres, confortables et s\u00e9curitaires, des environnements propices aux affaires, des solutions durables pour assurer un avenir vert et une exp\u00e9rience conviviale \u00e0 ses investisseurs.<\/p>\n<p>Pour en savoir plus sur Skyline, rendez-vous sur le site <a href=\"https:\/\/www.skylinegroupofcompanies.ca\/fr\/\">SkylineGroupOfCompanies.ca<\/a>.<\/p>\n<p>*au 30 juin 2025<\/p>\n<h3>Demandes de renseignements des m\u00e9dias :<\/h3>\n<address>Cindy Beverly<br \/>\nVice-pr\u00e9sidente, Marketing et communications<br \/>\nSkyline<br \/>\n5, rue Douglas, bureau 301<br \/>\nGuelph (Ontario) N1H 2S8<br \/>\n<a href=\"mailto:cbeverly@skylinegrp.ca?subject=Skyline Media Inquiry\">cbeverly@skylinegrp.ca<\/a><\/address>\n","protected":false},"excerpt":{"rendered":"<p>[Guelph (Ontario) \u2013 Le 11 septembre 2025] Le 11 septembre, BJ Santavy, vice-pr\u00e9sidente de Skyline Living, s\u2019est class\u00e9e parmi les meilleurs professionnels et professionnelles du secteur des immeubles \u00e0 logements multiples au Canada et aux \u00c9tats-Unis dans le palmar\u00e8s ApartmentBuildings.com 100 de Connect CRE en 2025. Ce classement est consacr\u00e9 aux leaders qui contribuent au [&hellip;]<\/p>\n","protected":false},"author":30,"featured_media":0,"comment_status":"closed","ping_status":"closed","sticky":false,"template":"","format":"standard","meta":{"_acf_changed":false,"footnotes":"","_links_to":"","_links_to_target":""},"categories":[88,107,114],"tags":[],"class_list":["post-81784","post","type-post","status-publish","format-standard","hentry","category-news-fr","category-awards-and-recognition-fr","category-skyline-living-fr"],"acf":[],"yoast_head":"<!-- This site is optimized with the Yoast SEO plugin v27.4 - https:\/\/yoast.com\/product\/yoast-seo-wordpress\/ -->\n<title>La VP de Skyline Living : reconnue par le secteur des immeubles multifamiliaux | Skyline<\/title>\n<meta name=\"description\" content=\"BJ Santavy, vice-pr\u00e9sidente de Skyline Living, s\u2019est class\u00e9e dans le palmar\u00e8s ApartmentBuildings.com 100 de Connect CRE en 2025.\" \/>\n<meta name=\"robots\" content=\"index, follow, max-snippet:-1, max-image-preview:large, max-video-preview:-1\" \/>\n<link rel=\"canonical\" href=\"https:\/\/www.skylinegroupofcompanies.ca\/fr\/news-fr\/la-vp-de-skyline-living-reconnue-par-le-secteur-des-immeubles-multifamiliaux\/\" \/>\n<meta property=\"og:locale\" content=\"fr_FR\" \/>\n<meta property=\"og:type\" content=\"article\" \/>\n<meta property=\"og:title\" content=\"La VP de Skyline Living : reconnue par le secteur des immeubles multifamiliaux\" \/>\n<meta property=\"og:description\" content=\"BJ Santavy, vice-pr\u00e9sidente de Skyline Living, s\u2019est class\u00e9e dans le palmar\u00e8s ApartmentBuildings.com 100 de Connect CRE en 2025.\" \/>\n<meta property=\"og:url\" content=\"https:\/\/www.skylinegroupofcompanies.ca\/fr\/news-fr\/la-vp-de-skyline-living-reconnue-par-le-secteur-des-immeubles-multifamiliaux\/\" \/>\n<meta property=\"og:site_name\" content=\"Skyline\" \/>\n<meta property=\"article:published_time\" content=\"2025-09-11T14:33:05+00:00\" \/>\n<meta property=\"article:modified_time\" content=\"2025-09-23T12:58:27+00:00\" \/>\n<meta property=\"og:image\" content=\"https:\/\/www.skylinegroupofcompanies.ca\/wp-content\/uploads\/2025\/09\/OG-ApartmentBuildings-WinnerComms-FR.webp\" \/>\n\t<meta property=\"og:image:width\" content=\"1200\" \/>\n\t<meta property=\"og:image:height\" content=\"630\" \/>\n\t<meta property=\"og:image:type\" content=\"image\/webp\" \/>\n<meta name=\"author\" content=\"Skyline Group of Companies\" \/>\n<meta name=\"twitter:card\" content=\"summary_large_image\" \/>\n<meta name=\"twitter:title\" content=\"La VP de Skyline Living : reconnue par le secteur des immeubles multifamiliaux\" \/>\n<meta name=\"twitter:description\" content=\"BJ Santavy, vice-pr\u00e9sidente de Skyline Living, s\u2019est class\u00e9e dans le palmar\u00e8s ApartmentBuildings.com 100 de Connect CRE en 2025.\" \/>\n<meta name=\"twitter:image\" content=\"https:\/\/www.skylinegroupofcompanies.ca\/wp-content\/uploads\/2025\/09\/OG-ApartmentBuildings-WinnerComms-FR.webp\" \/>\n<meta name=\"twitter:label1\" content=\"\u00c9crit par\" \/>\n\t<meta name=\"twitter:data1\" content=\"Skyline Group of Companies\" \/>\n\t<meta name=\"twitter:label2\" content=\"Dur\u00e9e de lecture estim\u00e9e\" \/>\n\t<meta name=\"twitter:data2\" content=\"2 minutes\" \/>\n<!-- \/ Yoast SEO plugin. -->","yoast_head_json":{"title":"La VP de Skyline Living : reconnue par le secteur des immeubles multifamiliaux | Skyline","description":"BJ Santavy, vice-pr\u00e9sidente de Skyline Living, s\u2019est class\u00e9e dans le palmar\u00e8s ApartmentBuildings.com 100 de Connect CRE en 2025.","robots":{"index":"index","follow":"follow","max-snippet":"max-snippet:-1","max-image-preview":"max-image-preview:large","max-video-preview":"max-video-preview:-1"},"canonical":"https:\/\/www.skylinegroupofcompanies.ca\/fr\/news-fr\/la-vp-de-skyline-living-reconnue-par-le-secteur-des-immeubles-multifamiliaux\/","og_locale":"fr_FR","og_type":"article","og_title":"La VP de Skyline Living : reconnue par le secteur des immeubles multifamiliaux","og_description":"BJ Santavy, vice-pr\u00e9sidente de Skyline Living, s\u2019est class\u00e9e dans le palmar\u00e8s ApartmentBuildings.com 100 de Connect CRE en 2025.","og_url":"https:\/\/www.skylinegroupofcompanies.ca\/fr\/news-fr\/la-vp-de-skyline-living-reconnue-par-le-secteur-des-immeubles-multifamiliaux\/","og_site_name":"Skyline","article_published_time":"2025-09-11T14:33:05+00:00","article_modified_time":"2025-09-23T12:58:27+00:00","og_image":[{"width":1200,"height":630,"url":"https:\/\/www.skylinegroupofcompanies.ca\/wp-content\/uploads\/2025\/09\/OG-ApartmentBuildings-WinnerComms-FR.webp","type":"image\/webp"}],"author":"Skyline Group of Companies","twitter_card":"summary_large_image","twitter_title":"La VP de Skyline Living : reconnue par le secteur des immeubles multifamiliaux","twitter_description":"BJ Santavy, vice-pr\u00e9sidente de Skyline Living, s\u2019est class\u00e9e dans le palmar\u00e8s ApartmentBuildings.com 100 de Connect CRE en 2025.","twitter_image":"https:\/\/www.skylinegroupofcompanies.ca\/wp-content\/uploads\/2025\/09\/OG-ApartmentBuildings-WinnerComms-FR.webp","twitter_misc":{"\u00c9crit par":"Skyline Group of Companies","Dur\u00e9e de lecture estim\u00e9e":"2 minutes"},"schema":{"@context":"https:\/\/schema.org","@graph":[{"@type":"Article","@id":"https:\/\/www.skylinegroupofcompanies.ca\/fr\/news-fr\/la-vp-de-skyline-living-reconnue-par-le-secteur-des-immeubles-multifamiliaux\/#article","isPartOf":{"@id":"https:\/\/www.skylinegroupofcompanies.ca\/fr\/news-fr\/la-vp-de-skyline-living-reconnue-par-le-secteur-des-immeubles-multifamiliaux\/"},"author":{"name":"Skyline Group of Companies","@id":"https:\/\/www.skylinegroupofcompanies.ca\/#\/schema\/person\/ec4603be97c006c1de096e3ea827a556"},"headline":"La VP de Skyline Living : reconnue par le secteur des immeubles multifamiliaux","datePublished":"2025-09-11T14:33:05+00:00","dateModified":"2025-09-23T12:58:27+00:00","mainEntityOfPage":{"@id":"https:\/\/www.skylinegroupofcompanies.ca\/fr\/news-fr\/la-vp-de-skyline-living-reconnue-par-le-secteur-des-immeubles-multifamiliaux\/"},"wordCount":548,"publisher":{"@id":"https:\/\/www.skylinegroupofcompanies.ca\/#organization"},"articleSection":["News","Prix et distinctions","Skyline Living"],"inLanguage":"fr-FR"},{"@type":"WebPage","@id":"https:\/\/www.skylinegroupofcompanies.ca\/fr\/news-fr\/la-vp-de-skyline-living-reconnue-par-le-secteur-des-immeubles-multifamiliaux\/","url":"https:\/\/www.skylinegroupofcompanies.ca\/fr\/news-fr\/la-vp-de-skyline-living-reconnue-par-le-secteur-des-immeubles-multifamiliaux\/","name":"La VP de Skyline Living : reconnue par le secteur des immeubles multifamiliaux | Skyline","isPartOf":{"@id":"https:\/\/www.skylinegroupofcompanies.ca\/#website"},"datePublished":"2025-09-11T14:33:05+00:00","dateModified":"2025-09-23T12:58:27+00:00","description":"BJ Santavy, vice-pr\u00e9sidente de Skyline Living, s\u2019est class\u00e9e dans le palmar\u00e8s ApartmentBuildings.com 100 de Connect CRE en 2025.","breadcrumb":{"@id":"https:\/\/www.skylinegroupofcompanies.ca\/fr\/news-fr\/la-vp-de-skyline-living-reconnue-par-le-secteur-des-immeubles-multifamiliaux\/#breadcrumb"},"inLanguage":"fr-FR","potentialAction":[{"@type":"ReadAction","target":["https:\/\/www.skylinegroupofcompanies.ca\/fr\/news-fr\/la-vp-de-skyline-living-reconnue-par-le-secteur-des-immeubles-multifamiliaux\/"]}]},{"@type":"BreadcrumbList","@id":"https:\/\/www.skylinegroupofcompanies.ca\/fr\/news-fr\/la-vp-de-skyline-living-reconnue-par-le-secteur-des-immeubles-multifamiliaux\/#breadcrumb","itemListElement":[{"@type":"ListItem","position":1,"name":"Home","item":"https:\/\/www.skylinegroupofcompanies.ca\/fr\/"},{"@type":"ListItem","position":2,"name":"La VP de Skyline Living : reconnue par le secteur des immeubles multifamiliaux"}]},{"@type":"WebSite","@id":"https:\/\/www.skylinegroupofcompanies.ca\/#website","url":"https:\/\/www.skylinegroupofcompanies.ca\/","name":"Skyline","description":"We offer services in real estate and clean energy","publisher":{"@id":"https:\/\/www.skylinegroupofcompanies.ca\/#organization"},"alternateName":"Skyline GOC","potentialAction":[{"@type":"SearchAction","target":{"@type":"EntryPoint","urlTemplate":"https:\/\/www.skylinegroupofcompanies.ca\/?s={search_term_string}"},"query-input":{"@type":"PropertyValueSpecification","valueRequired":true,"valueName":"search_term_string"}}],"inLanguage":"fr-FR"},{"@type":"Organization","@id":"https:\/\/www.skylinegroupofcompanies.ca\/#organization","name":"Skyline Group of Companies","url":"https:\/\/www.skylinegroupofcompanies.ca\/","logo":{"@type":"ImageObject","inLanguage":"fr-FR","@id":"https:\/\/www.skylinegroupofcompanies.ca\/#\/schema\/logo\/image\/","url":"https:\/\/www.skylinegroupofcompanies.ca\/wp-content\/uploads\/2020\/09\/logo-blue.svg","contentUrl":"https:\/\/www.skylinegroupofcompanies.ca\/wp-content\/uploads\/2020\/09\/logo-blue.svg","width":1,"height":1,"caption":"Skyline Group of Companies"},"image":{"@id":"https:\/\/www.skylinegroupofcompanies.ca\/#\/schema\/logo\/image\/"}},{"@type":"Person","@id":"https:\/\/www.skylinegroupofcompanies.ca\/#\/schema\/person\/ec4603be97c006c1de096e3ea827a556","name":"Skyline Group of Companies","image":{"@type":"ImageObject","inLanguage":"fr-FR","@id":"https:\/\/secure.gravatar.com\/avatar\/639dea1e28cd25fbd577e0403b28ca4fb22ff4958d631163b079bf6bf4550ea2?s=96&d=mm&r=g","url":"https:\/\/secure.gravatar.com\/avatar\/639dea1e28cd25fbd577e0403b28ca4fb22ff4958d631163b079bf6bf4550ea2?s=96&d=mm&r=g","contentUrl":"https:\/\/secure.gravatar.com\/avatar\/639dea1e28cd25fbd577e0403b28ca4fb22ff4958d631163b079bf6bf4550ea2?s=96&d=mm&r=g","caption":"Skyline Group of Companies"}}]}},"_links":{"self":[{"href":"https:\/\/www.skylinegroupofcompanies.ca\/fr\/wp-json\/wp\/v2\/posts\/81784","targetHints":{"allow":["GET"]}}],"collection":[{"href":"https:\/\/www.skylinegroupofcompanies.ca\/fr\/wp-json\/wp\/v2\/posts"}],"about":[{"href":"https:\/\/www.skylinegroupofcompanies.ca\/fr\/wp-json\/wp\/v2\/types\/post"}],"author":[{"embeddable":true,"href":"https:\/\/www.skylinegroupofcompanies.ca\/fr\/wp-json\/wp\/v2\/users\/30"}],"replies":[{"embeddable":true,"href":"https:\/\/www.skylinegroupofcompanies.ca\/fr\/wp-json\/wp\/v2\/comments?post=81784"}],"version-history":[{"count":9,"href":"https:\/\/www.skylinegroupofcompanies.ca\/fr\/wp-json\/wp\/v2\/posts\/81784\/revisions"}],"predecessor-version":[{"id":81918,"href":"https:\/\/www.skylinegroupofcompanies.ca\/fr\/wp-json\/wp\/v2\/posts\/81784\/revisions\/81918"}],"wp:attachment":[{"href":"https:\/\/www.skylinegroupofcompanies.ca\/fr\/wp-json\/wp\/v2\/media?parent=81784"}],"wp:term":[{"taxonomy":"category","embeddable":true,"href":"https:\/\/www.skylinegroupofcompanies.ca\/fr\/wp-json\/wp\/v2\/categories?post=81784"},{"taxonomy":"post_tag","embeddable":true,"href":"https:\/\/www.skylinegroupofcompanies.ca\/fr\/wp-json\/wp\/v2\/tags?post=81784"}],"curies":[{"name":"wp","href":"https:\/\/api.w.org\/{rel}","templated":true}]}}