{"id":81665,"date":"2025-08-17T13:15:32","date_gmt":"2025-08-17T17:15:32","guid":{"rendered":"https:\/\/www.skylinegroupofcompanies.ca\/?p=81665"},"modified":"2025-10-28T10:49:02","modified_gmt":"2025-10-28T14:49:02","slug":"limmobilier-commercial-au-canada-en-2025-26-selon-le-directeur-financier-de-skyline","status":"publish","type":"post","link":"https:\/\/www.skylinegroupofcompanies.ca\/fr\/news-fr\/limmobilier-commercial-au-canada-en-2025-26-selon-le-directeur-financier-de-skyline\/","title":{"rendered":"L\u2019immobilier commercial au Canada en 2025-26 selon le directeur financier de Skyline"},"content":{"rendered":"<p>[Guelph (Ontario)\u202f\u2013 Le 17 ao\u00fbt 2025]<\/p>\n<p>Qu\u2019est-ce que le secteur immobilier commercial au Canada r\u00e9serve aux investisseurs pour le reste de 2025 et en 2026? Quelles cat\u00e9gories d\u2019actifs devraient inscrire de bons r\u00e9sultats? \u00c0 quoi ressembleront les investissements \u00e9trangers au Canada?   <\/p>\n<p><a href=\"https:\/\/www.skylinegroupofcompanies.ca\/fr\/our-team\/wayne-byrd\/\" target=\"_blank\" rel=\"noopener\">Wayne Byrd<\/a>, directeur financier de Skyline, donne son point de vue sur l\u2019avenir, les possibilit\u00e9s et les tendances \u00e9mergentes du secteur immobilier commercial au Canada dans le cadre de la s\u00e9rie Leadership estival 2025 de Connect Canada CRE.<\/p>\n<h3 style=\"color: #222; font-weight: normal; font-size:1.3rem; font-family: 'metropolisregular', sans-serif\";>Connect Canada CRE\u202f: Selon vous, \u00e0 quoi ressemblera le secteur immobilier commercial au Canada pour le reste de 2025 et en 2026? <\/h3>\n<p><abbr title=\"Wayne Byrd\">W.B.<\/abbr> : La r\u00e9ponse d\u00e9pend de la cat\u00e9gorie d\u2019actif, mais de fa\u00e7on g\u00e9n\u00e9rale, nous continuons d\u2019avoir confiance dans les donn\u00e9es fondamentales \u00e0 long terme pour les segments d\u2019activit\u00e9 de Skyline, \u00e0 savoir les habitations multifamiliales, les immeubles industriels et les commerces de premi\u00e8re n\u00e9cessit\u00e9. <\/p>\n<p>Du c\u00f4t\u00e9 des habitations multifamiliales, force est de constater que certains segments, dont les copropri\u00e9t\u00e9s en milieu urbain, sont aux prises avec une <a href=\"https:\/\/www.cbc.ca\/news\/business\/condo-market-slowdown-1.7535704\" target=\"_blank\" rel=\"noopener\" hreflang=\"en\">offre exc\u00e9dentaire dans certaines r\u00e9gions m\u00e9tropolitaines<\/a>. Cependant, la dynamique de l\u2019offre et de la demande continue d\u2019\u00e9voluer selon l\u2019\u00e9tat de l\u2019\u00e9conomie locale, la r\u00e9glementation sur le zonage et la croissance d\u00e9mographique. M\u00eame si l\u2019accessibilit\u00e9 \u00e0 la propri\u00e9t\u00e9 est en voie d\u2019am\u00e9lioration, le foss\u00e9 demeure trop important pour peser sur le march\u00e9 du logement locatif. Dans l\u2019ensemble, je crois que ce march\u00e9 se r\u00e9\u00e9quilibrera graduellement et que les prix se stabiliseront, apr\u00e8s avoir connu une croissance d\u00e9mesur\u00e9e pendant plusieurs ann\u00e9es sous l\u2019effet de l\u2019explosion de la population et des limites de l\u2019offre de logements. <\/p>\n<p><a href=\"https:\/\/www.connectcre.ca\/leadership_story\/top-cre-executives-share-views-on-state-of-market\/\" target=\"_blank\" rel=\"noopener\" hreflang=\"en\">Lire la r\u00e9ponse compl\u00e8te sur ConnectCRE.ca<\/a><\/p>\n<h3 style=\"color: #222; font-weight: normal; font-size:1.3rem; font-family: 'metropolisregular', sans-serif\";>Connect Canada CRE\u202f: \u00c0 votre avis, quelles sont les cat\u00e9gories d\u2019actifs qui brilleront le plus et pourquoi? <\/h3>\n<p><abbr title=\"Wayne Byrd\">W.B.<\/abbr> : Je crois que les commerces de premi\u00e8re n\u00e9cessit\u00e9 sont bien plac\u00e9s pour briller dans un avenir rapproch\u00e9.  <\/p>\n<p>Il existe encore quelques mythes, mais ils sont souvent associ\u00e9s aux centres commerciaux int\u00e9rieurs ou aux d\u00e9taillants traditionnels comme la Compagnie de la Baie d\u2019Hudson. En revanche, les commerces de premi\u00e8re n\u00e9cessit\u00e9 continuent de produire d\u2019excellents r\u00e9sultats d\u2019exploitation. La pand\u00e9mie a r\u00e9affirm\u00e9 toute la valeur qu\u2019apportent les commerces de premi\u00e8re n\u00e9cessit\u00e9 ayant pignon sur rue, tout particuli\u00e8rement dans les cat\u00e9gories de l\u2019alimentation, des soins de sant\u00e9 et de la restauration rapide. De plus, elle a fortement ralenti la construction de nouveaux commerces de d\u00e9tail, et encore aujourd\u2019hui, le secteur essaie de rattraper le retard. C\u2019est ce qui donne une dynamique favorable entre l\u2019offre et la demande. Il y a plus de locataires \u00e0 la recherche des locaux de qualit\u00e9 qu\u2019il n\u2019y a d\u2019espaces \u00e0 louer, ce qui favorise la croissance soutenue des locations et maintient les taux d\u2019occupation \u00e0 des niveaux \u00e9lev\u00e9s<\/p>\n<p><a href=\"https:\/\/www.connectcre.ca\/leadership_story\/top-cre-executives-share-views-on-state-of-market\/\" target=\"_blank\" rel=\"noopener\" hreflang=\"en\">Lire la r\u00e9ponse compl\u00e8te sur ConnectCRE.ca<\/a><\/p>\n<h3 style=\"color: #222; font-weight: normal; font-size:1.3rem; font-family: 'metropolisregular', sans-serif\";>Quelle est votre vision des investissements \u00e9trangers au Canada pour les 6 \u00e0 12\u202fprochains mois?  <\/h3>\n<p><abbr title=\"Wayne Byrd\">W.B.<\/abbr> : Je suis plut\u00f4t optimiste quant \u00e0 la capacit\u00e9 du Canada \u00e0 attirer des capitaux \u00e9trangers dans un avenir pr\u00e9visible, tout particuli\u00e8rement dans les secteurs productifs de revenus comme les immeubles \u00e0 logements multiples, industriels et de commerce de d\u00e9tail.   <\/p>\n<p>\u00c0 l\u2019\u00e9chelle mondiale, le Canada est encore vu comme un march\u00e9 r\u00e9silient et demeure une destination de choix pour les capitaux \u00e0 d\u00e9ployer. C\u2019est ce qui ressort du FDI Confidence Index de Kearney pour 2025, qui place le Canada au deuxi\u00e8me\u202frang des pays les plus attirants pour les investissements directs \u00e9trangers. Cet attrait d\u00e9coule principalement de notre stabilit\u00e9 politique, de la solidit\u00e9 de notre cadre juridique et de la fiabilit\u00e9 des rendements des actifs primaires du secteur immobilier.<\/p>\n<p><a href=\"https:\/\/www.connectcre.ca\/leadership_story\/top-cre-executives-share-views-on-state-of-market\/\" target=\"_blank\" rel=\"noopener\" hreflang=\"en\">Lire la r\u00e9ponse compl\u00e8te sur ConnectCRE.ca<\/a><\/p>\n","protected":false},"excerpt":{"rendered":"<p>[Guelph (Ontario)\u202f\u2013 Le 17 ao\u00fbt 2025] Qu\u2019est-ce que le secteur immobilier commercial au Canada r\u00e9serve aux investisseurs pour le reste de 2025 et en 2026? Quelles cat\u00e9gories d\u2019actifs devraient inscrire de bons r\u00e9sultats? \u00c0 quoi ressembleront les investissements \u00e9trangers au Canada? Wayne Byrd, directeur financier de Skyline, donne son point de vue sur l\u2019avenir, les [&hellip;]<\/p>\n","protected":false},"author":30,"featured_media":0,"comment_status":"closed","ping_status":"closed","sticky":false,"template":"","format":"standard","meta":{"_acf_changed":false,"footnotes":"","_links_to":"","_links_to_target":""},"categories":[88,108],"tags":[],"class_list":["post-81665","post","type-post","status-publish","format-standard","hentry","category-news-fr","category-skyline-in-the-media-fr"],"acf":[],"yoast_head":"<!-- This site is optimized with the Yoast SEO plugin v27.4 - https:\/\/yoast.com\/product\/yoast-seo-wordpress\/ -->\n<title>L\u2019immobilier commercial au Canada en 2025-26 selon le directeur financier de Skyline | Skyline<\/title>\n<meta name=\"description\" content=\"Wayne Byrd, dir. financier de Skyline, parle de l\u2019avenir du secteur immobilier commercial au Canada dans la s\u00e9rie Leadership estival 2025 de Connect Canada CRE.\" \/>\n<meta name=\"robots\" content=\"index, follow, max-snippet:-1, max-image-preview:large, max-video-preview:-1\" \/>\n<link rel=\"canonical\" href=\"https:\/\/www.skylinegroupofcompanies.ca\/fr\/news-fr\/limmobilier-commercial-au-canada-en-2025-26-selon-le-directeur-financier-de-skyline\/\" \/>\n<meta property=\"og:locale\" content=\"fr_FR\" \/>\n<meta property=\"og:type\" content=\"article\" \/>\n<meta property=\"og:title\" content=\"L\u2019immobilier commercial au Canada en 2025-26 selon le directeur financier de Skyline | Skyline\" \/>\n<meta property=\"og:description\" content=\"Wayne Byrd, dir. financier de Skyline, parle de l\u2019avenir du secteur immobilier commercial au Canada dans la s\u00e9rie Leadership estival 2025 de Connect Canada CRE.\" \/>\n<meta property=\"og:url\" content=\"https:\/\/www.skylinegroupofcompanies.ca\/fr\/news-fr\/limmobilier-commercial-au-canada-en-2025-26-selon-le-directeur-financier-de-skyline\/\" \/>\n<meta property=\"og:site_name\" content=\"Skyline\" \/>\n<meta property=\"article:published_time\" content=\"2025-08-17T17:15:32+00:00\" \/>\n<meta property=\"article:modified_time\" content=\"2025-10-28T14:49:02+00:00\" \/>\n<meta property=\"og:image\" content=\"https:\/\/www.skylinegroupofcompanies.ca\/wp-content\/uploads\/2025\/08\/OG-CRESummerLeadership-FR.webp\" \/>\n\t<meta property=\"og:image:width\" content=\"1200\" \/>\n\t<meta property=\"og:image:height\" content=\"630\" \/>\n\t<meta property=\"og:image:type\" content=\"image\/webp\" \/>\n<meta name=\"author\" content=\"Skyline Group of Companies\" \/>\n<meta name=\"twitter:card\" content=\"summary_large_image\" \/>\n<meta name=\"twitter:label1\" content=\"\u00c9crit par\" \/>\n\t<meta name=\"twitter:data1\" content=\"Skyline Group of Companies\" \/>\n\t<meta name=\"twitter:label2\" content=\"Dur\u00e9e de lecture estim\u00e9e\" \/>\n\t<meta name=\"twitter:data2\" content=\"3 minutes\" \/>\n<!-- \/ Yoast SEO plugin. -->","yoast_head_json":{"title":"L\u2019immobilier commercial au Canada en 2025-26 selon le directeur financier de Skyline | Skyline","description":"Wayne Byrd, dir. financier de Skyline, parle de l\u2019avenir du secteur immobilier commercial au Canada dans la s\u00e9rie Leadership estival 2025 de Connect Canada CRE.","robots":{"index":"index","follow":"follow","max-snippet":"max-snippet:-1","max-image-preview":"max-image-preview:large","max-video-preview":"max-video-preview:-1"},"canonical":"https:\/\/www.skylinegroupofcompanies.ca\/fr\/news-fr\/limmobilier-commercial-au-canada-en-2025-26-selon-le-directeur-financier-de-skyline\/","og_locale":"fr_FR","og_type":"article","og_title":"L\u2019immobilier commercial au Canada en 2025-26 selon le directeur financier de Skyline | Skyline","og_description":"Wayne Byrd, dir. financier de Skyline, parle de l\u2019avenir du secteur immobilier commercial au Canada dans la s\u00e9rie Leadership estival 2025 de Connect Canada CRE.","og_url":"https:\/\/www.skylinegroupofcompanies.ca\/fr\/news-fr\/limmobilier-commercial-au-canada-en-2025-26-selon-le-directeur-financier-de-skyline\/","og_site_name":"Skyline","article_published_time":"2025-08-17T17:15:32+00:00","article_modified_time":"2025-10-28T14:49:02+00:00","og_image":[{"width":1200,"height":630,"url":"https:\/\/www.skylinegroupofcompanies.ca\/wp-content\/uploads\/2025\/08\/OG-CRESummerLeadership-FR.webp","type":"image\/webp"}],"author":"Skyline Group of Companies","twitter_card":"summary_large_image","twitter_misc":{"\u00c9crit par":"Skyline Group of Companies","Dur\u00e9e de lecture estim\u00e9e":"3 minutes"},"schema":{"@context":"https:\/\/schema.org","@graph":[{"@type":"Article","@id":"https:\/\/www.skylinegroupofcompanies.ca\/fr\/news-fr\/limmobilier-commercial-au-canada-en-2025-26-selon-le-directeur-financier-de-skyline\/#article","isPartOf":{"@id":"https:\/\/www.skylinegroupofcompanies.ca\/fr\/news-fr\/limmobilier-commercial-au-canada-en-2025-26-selon-le-directeur-financier-de-skyline\/"},"author":{"name":"Skyline Group of Companies","@id":"https:\/\/www.skylinegroupofcompanies.ca\/#\/schema\/person\/ec4603be97c006c1de096e3ea827a556"},"headline":"L\u2019immobilier commercial au Canada en 2025-26 selon le directeur financier de Skyline","datePublished":"2025-08-17T17:15:32+00:00","dateModified":"2025-10-28T14:49:02+00:00","mainEntityOfPage":{"@id":"https:\/\/www.skylinegroupofcompanies.ca\/fr\/news-fr\/limmobilier-commercial-au-canada-en-2025-26-selon-le-directeur-financier-de-skyline\/"},"wordCount":678,"publisher":{"@id":"https:\/\/www.skylinegroupofcompanies.ca\/#organization"},"articleSection":["News","Skyline dans les m\u00e9dias"],"inLanguage":"fr-FR"},{"@type":"WebPage","@id":"https:\/\/www.skylinegroupofcompanies.ca\/fr\/news-fr\/limmobilier-commercial-au-canada-en-2025-26-selon-le-directeur-financier-de-skyline\/","url":"https:\/\/www.skylinegroupofcompanies.ca\/fr\/news-fr\/limmobilier-commercial-au-canada-en-2025-26-selon-le-directeur-financier-de-skyline\/","name":"L\u2019immobilier commercial au Canada en 2025-26 selon le directeur financier de Skyline | Skyline","isPartOf":{"@id":"https:\/\/www.skylinegroupofcompanies.ca\/#website"},"datePublished":"2025-08-17T17:15:32+00:00","dateModified":"2025-10-28T14:49:02+00:00","description":"Wayne Byrd, dir. financier de Skyline, parle de l\u2019avenir du secteur immobilier commercial au Canada dans la s\u00e9rie Leadership estival 2025 de Connect Canada CRE.","breadcrumb":{"@id":"https:\/\/www.skylinegroupofcompanies.ca\/fr\/news-fr\/limmobilier-commercial-au-canada-en-2025-26-selon-le-directeur-financier-de-skyline\/#breadcrumb"},"inLanguage":"fr-FR","potentialAction":[{"@type":"ReadAction","target":["https:\/\/www.skylinegroupofcompanies.ca\/fr\/news-fr\/limmobilier-commercial-au-canada-en-2025-26-selon-le-directeur-financier-de-skyline\/"]}]},{"@type":"BreadcrumbList","@id":"https:\/\/www.skylinegroupofcompanies.ca\/fr\/news-fr\/limmobilier-commercial-au-canada-en-2025-26-selon-le-directeur-financier-de-skyline\/#breadcrumb","itemListElement":[{"@type":"ListItem","position":1,"name":"Home","item":"https:\/\/www.skylinegroupofcompanies.ca\/fr\/"},{"@type":"ListItem","position":2,"name":"L\u2019immobilier commercial au Canada en 2025-26 selon le directeur financier de Skyline"}]},{"@type":"WebSite","@id":"https:\/\/www.skylinegroupofcompanies.ca\/#website","url":"https:\/\/www.skylinegroupofcompanies.ca\/","name":"Skyline","description":"We offer services in real estate and clean energy","publisher":{"@id":"https:\/\/www.skylinegroupofcompanies.ca\/#organization"},"alternateName":"Skyline GOC","potentialAction":[{"@type":"SearchAction","target":{"@type":"EntryPoint","urlTemplate":"https:\/\/www.skylinegroupofcompanies.ca\/?s={search_term_string}"},"query-input":{"@type":"PropertyValueSpecification","valueRequired":true,"valueName":"search_term_string"}}],"inLanguage":"fr-FR"},{"@type":"Organization","@id":"https:\/\/www.skylinegroupofcompanies.ca\/#organization","name":"Skyline Group of Companies","url":"https:\/\/www.skylinegroupofcompanies.ca\/","logo":{"@type":"ImageObject","inLanguage":"fr-FR","@id":"https:\/\/www.skylinegroupofcompanies.ca\/#\/schema\/logo\/image\/","url":"https:\/\/www.skylinegroupofcompanies.ca\/wp-content\/uploads\/2020\/09\/logo-blue.svg","contentUrl":"https:\/\/www.skylinegroupofcompanies.ca\/wp-content\/uploads\/2020\/09\/logo-blue.svg","width":1,"height":1,"caption":"Skyline Group of Companies"},"image":{"@id":"https:\/\/www.skylinegroupofcompanies.ca\/#\/schema\/logo\/image\/"}},{"@type":"Person","@id":"https:\/\/www.skylinegroupofcompanies.ca\/#\/schema\/person\/ec4603be97c006c1de096e3ea827a556","name":"Skyline Group of Companies","image":{"@type":"ImageObject","inLanguage":"fr-FR","@id":"https:\/\/secure.gravatar.com\/avatar\/639dea1e28cd25fbd577e0403b28ca4fb22ff4958d631163b079bf6bf4550ea2?s=96&d=mm&r=g","url":"https:\/\/secure.gravatar.com\/avatar\/639dea1e28cd25fbd577e0403b28ca4fb22ff4958d631163b079bf6bf4550ea2?s=96&d=mm&r=g","contentUrl":"https:\/\/secure.gravatar.com\/avatar\/639dea1e28cd25fbd577e0403b28ca4fb22ff4958d631163b079bf6bf4550ea2?s=96&d=mm&r=g","caption":"Skyline Group of Companies"}}]}},"_links":{"self":[{"href":"https:\/\/www.skylinegroupofcompanies.ca\/fr\/wp-json\/wp\/v2\/posts\/81665","targetHints":{"allow":["GET"]}}],"collection":[{"href":"https:\/\/www.skylinegroupofcompanies.ca\/fr\/wp-json\/wp\/v2\/posts"}],"about":[{"href":"https:\/\/www.skylinegroupofcompanies.ca\/fr\/wp-json\/wp\/v2\/types\/post"}],"author":[{"embeddable":true,"href":"https:\/\/www.skylinegroupofcompanies.ca\/fr\/wp-json\/wp\/v2\/users\/30"}],"replies":[{"embeddable":true,"href":"https:\/\/www.skylinegroupofcompanies.ca\/fr\/wp-json\/wp\/v2\/comments?post=81665"}],"version-history":[{"count":9,"href":"https:\/\/www.skylinegroupofcompanies.ca\/fr\/wp-json\/wp\/v2\/posts\/81665\/revisions"}],"predecessor-version":[{"id":81740,"href":"https:\/\/www.skylinegroupofcompanies.ca\/fr\/wp-json\/wp\/v2\/posts\/81665\/revisions\/81740"}],"wp:attachment":[{"href":"https:\/\/www.skylinegroupofcompanies.ca\/fr\/wp-json\/wp\/v2\/media?parent=81665"}],"wp:term":[{"taxonomy":"category","embeddable":true,"href":"https:\/\/www.skylinegroupofcompanies.ca\/fr\/wp-json\/wp\/v2\/categories?post=81665"},{"taxonomy":"post_tag","embeddable":true,"href":"https:\/\/www.skylinegroupofcompanies.ca\/fr\/wp-json\/wp\/v2\/tags?post=81665"}],"curies":[{"name":"wp","href":"https:\/\/api.w.org\/{rel}","templated":true}]}}