{"id":81576,"date":"2025-08-15T07:58:44","date_gmt":"2025-08-15T11:58:44","guid":{"rendered":"https:\/\/www.skylinegroupofcompanies.ca\/?p=81576"},"modified":"2025-08-15T07:58:48","modified_gmt":"2025-08-15T11:58:48","slug":"cultiver-lavenir-un-regard-neuf-sur-la-releve-agricole-au-canada","status":"publish","type":"post","link":"https:\/\/www.skylinegroupofcompanies.ca\/fr\/news-fr\/cultiver-lavenir-un-regard-neuf-sur-la-releve-agricole-au-canada\/","title":{"rendered":"Cultiver l\u2019avenir \u2013 Un regard neuf sur la rel\u00e8ve agricole au Canada"},"content":{"rendered":"<p>Article publi\u00e9 sur le site <a href=\"https:\/\/www.farms.com\/ag-industry-news\/sowing-the-seeds-of-the-future-a-fresh-look-at-farm-succession-in-canada-487.aspx\" target=\"_blank\" rel=\"noopener\">Farms.com<\/a> :<\/p>\n<blockquote><p>\u00ab Vous avez labour\u00e9 la terre pendant des d\u00e9cennies au fil des saisons, des fluctuations du march\u00e9 et des longues journ\u00e9es qui commencent avant l\u2019aube \u00bb, explique Jason Castellan, cofondateur et chef de la direction de Skyline, dans une entrevue accord\u00e9e au site Farms.com.<\/p>\n<p>\u00ab Votre terrain, vos d\u00e9cisions et vos responsabilit\u00e9s par rapport \u00e0 la gestion d\u2019une exploitation agricole familiale n\u2019ont plus de secrets pour vous. Mais il y a un aspect qui peut encore vous sembler incertain : que se passera-t-il lorsque vous partirez \u00e0 la retraite? \u00bb<\/p><\/blockquote>\n<p>Bien d\u2019autres personnes se posent la m\u00eame question. Selon <a href=\"https:\/\/www.rbc.com\/fr\/leadership-avise\/institut-action-climatique\/agriculteurs-rapports\/agriculteurs-demandes-le-renouvellement-de-la-main-doeuvre-dont-le-canada-a-besoin-pour-mener-la-prochaine-revolution-verte\/\">RBC<\/a>, pr\u00e8s de 60 % des agriculteurs canadiens auront plus de 65 ans dans 10 ans, et 88 % d\u2019entre eux n\u2019ont pas encore de plan de rel\u00e8ve \u00e9crit. Parall\u00e8lement, le nombre de jeunes exploitants agricoles a fondu de plus de moiti\u00e9 depuis 2001. Ces chiffres d\u00e9montrent clairement que l\u2019avenir de l\u2019agriculture canadienne d\u00e9pend d\u2019une planification minutieuse aujourd\u2019hui.<\/p>\n<p>Transmettre une exploitation agricole ne se r\u00e9sume pas \u00e0 remettre les cl\u00e9s. En effet, c\u2019est un processus intime et complexe qui implique des d\u00e9cisions juridiques, financi\u00e8res et \u00e9motionnelles. La planification de la rel\u00e8ve est plus qu\u2019une simple t\u00e2che \u00e0 ajouter \u00e0 votre liste. Gr\u00e2ce \u00e0 des conseils professionnels, vous pouvez en faire une strat\u00e9gie pour prot\u00e9ger le fruit de votre travail et assurer la p\u00e9rennit\u00e9 de vos valeurs pour la prochaine g\u00e9n\u00e9ration.<\/p>\n<p>\u00ab Se lancer dans l\u2019aventure ne devrait pas \u00eatre une t\u00e2che insurmontable \u00bb, affirme M. Castellan. \u00ab Dans le fond, un plan solide repose sur quelques piliers essentiels. \u00bb<\/p>\n<p><a class=\"button\" href=\"https:\/\/www.farms.com\/ag-industry-news\/sowing-the-seeds-of-the-future-a-fresh-look-at-farm-succession-in-canada-487.aspx\" target=\"_blank\" rel=\"noopener\">Lire l\u2019article complet<\/a><\/p>\n","protected":false},"excerpt":{"rendered":"<p>Article publi\u00e9 sur le site Farms.com : \u00ab Vous avez labour\u00e9 la terre pendant des d\u00e9cennies au fil des saisons, des fluctuations du march\u00e9 et des longues journ\u00e9es qui commencent avant l\u2019aube \u00bb, explique Jason Castellan, cofondateur et chef de la direction de Skyline, dans une entrevue accord\u00e9e au site Farms.com. \u00ab Votre terrain, vos [&hellip;]<\/p>\n","protected":false},"author":30,"featured_media":0,"comment_status":"closed","ping_status":"closed","sticky":false,"template":"","format":"standard","meta":{"_acf_changed":false,"footnotes":"","_links_to":"","_links_to_target":""},"categories":[117,88,108,92],"tags":[],"class_list":["post-81576","post","type-post","status-publish","format-standard","hentry","category-thought-leadership-fr","category-news-fr","category-skyline-in-the-media-fr","category-skyline-wealth-fr"],"acf":[],"yoast_head":"<!-- This site is optimized with the Yoast SEO plugin v27.4 - https:\/\/yoast.com\/product\/yoast-seo-wordpress\/ -->\n<title>Cultiver l\u2019avenir \u2013 Un regard neuf sur la rel\u00e8ve agricole au Canada | Skyline<\/title>\n<meta name=\"description\" content=\"Au Canada, 88 % des agriculteurs n\u2019ont pas de plan de rel\u00e8ve. Jason Castellan, chef de la direction de Skyline, discute des piliers d\u2019une bonne planification.\" \/>\n<meta name=\"robots\" content=\"index, follow, max-snippet:-1, max-image-preview:large, max-video-preview:-1\" \/>\n<link rel=\"canonical\" href=\"https:\/\/www.skylinegroupofcompanies.ca\/fr\/news-fr\/cultiver-lavenir-un-regard-neuf-sur-la-releve-agricole-au-canada\/\" \/>\n<meta property=\"og:locale\" content=\"fr_FR\" \/>\n<meta property=\"og:type\" content=\"article\" \/>\n<meta property=\"og:title\" content=\"Cultiver l\u2019avenir \u2013 Un regard neuf sur la rel\u00e8ve agricole au Canada\" \/>\n<meta property=\"og:description\" content=\"Au Canada, 88 % des agriculteurs n\u2019ont pas de plan de rel\u00e8ve. Jason Castellan, chef de la direction de Skyline, discute des piliers d\u2019une bonne planification.\" \/>\n<meta property=\"og:url\" content=\"https:\/\/www.skylinegroupofcompanies.ca\/fr\/news-fr\/cultiver-lavenir-un-regard-neuf-sur-la-releve-agricole-au-canada\/\" \/>\n<meta property=\"og:site_name\" content=\"Skyline\" \/>\n<meta property=\"article:published_time\" content=\"2025-08-15T11:58:44+00:00\" \/>\n<meta property=\"article:modified_time\" content=\"2025-08-15T11:58:48+00:00\" \/>\n<meta property=\"og:image\" content=\"https:\/\/www.skylinegroupofcompanies.ca\/wp-content\/uploads\/2025\/08\/OG-inheritancerecipient-FR.webp\" \/>\n\t<meta property=\"og:image:width\" content=\"1200\" \/>\n\t<meta property=\"og:image:height\" content=\"630\" \/>\n\t<meta property=\"og:image:type\" content=\"image\/webp\" \/>\n<meta name=\"author\" content=\"Skyline Group of Companies\" \/>\n<meta name=\"twitter:card\" content=\"summary_large_image\" \/>\n<meta name=\"twitter:title\" content=\"Cultiver l\u2019avenir \u2013 Un regard neuf sur la rel\u00e8ve agricole au Canada\" \/>\n<meta name=\"twitter:description\" content=\"Au Canada, 88 % des agriculteurs n\u2019ont pas de plan de rel\u00e8ve. Jason Castellan, chef de la direction de Skyline, discute des piliers d\u2019une bonne planification.\" \/>\n<meta name=\"twitter:image\" content=\"https:\/\/www.skylinegroupofcompanies.ca\/wp-content\/uploads\/2025\/08\/OG-inheritancerecipient-FR.webp\" \/>\n<meta name=\"twitter:label1\" content=\"\u00c9crit par\" \/>\n\t<meta name=\"twitter:data1\" content=\"Skyline Group of Companies\" \/>\n\t<meta name=\"twitter:label2\" content=\"Dur\u00e9e de lecture estim\u00e9e\" \/>\n\t<meta name=\"twitter:data2\" content=\"1 minute\" \/>\n<!-- \/ Yoast SEO plugin. -->","yoast_head_json":{"title":"Cultiver l\u2019avenir \u2013 Un regard neuf sur la rel\u00e8ve agricole au Canada | Skyline","description":"Au Canada, 88 % des agriculteurs n\u2019ont pas de plan de rel\u00e8ve. Jason Castellan, chef de la direction de Skyline, discute des piliers d\u2019une bonne planification.","robots":{"index":"index","follow":"follow","max-snippet":"max-snippet:-1","max-image-preview":"max-image-preview:large","max-video-preview":"max-video-preview:-1"},"canonical":"https:\/\/www.skylinegroupofcompanies.ca\/fr\/news-fr\/cultiver-lavenir-un-regard-neuf-sur-la-releve-agricole-au-canada\/","og_locale":"fr_FR","og_type":"article","og_title":"Cultiver l\u2019avenir \u2013 Un regard neuf sur la rel\u00e8ve agricole au Canada","og_description":"Au Canada, 88 % des agriculteurs n\u2019ont pas de plan de rel\u00e8ve. Jason Castellan, chef de la direction de Skyline, discute des piliers d\u2019une bonne planification.","og_url":"https:\/\/www.skylinegroupofcompanies.ca\/fr\/news-fr\/cultiver-lavenir-un-regard-neuf-sur-la-releve-agricole-au-canada\/","og_site_name":"Skyline","article_published_time":"2025-08-15T11:58:44+00:00","article_modified_time":"2025-08-15T11:58:48+00:00","og_image":[{"width":1200,"height":630,"url":"https:\/\/www.skylinegroupofcompanies.ca\/wp-content\/uploads\/2025\/08\/OG-inheritancerecipient-FR.webp","type":"image\/webp"}],"author":"Skyline Group of Companies","twitter_card":"summary_large_image","twitter_title":"Cultiver l\u2019avenir \u2013 Un regard neuf sur la rel\u00e8ve agricole au Canada","twitter_description":"Au Canada, 88 % des agriculteurs n\u2019ont pas de plan de rel\u00e8ve. Jason Castellan, chef de la direction de Skyline, discute des piliers d\u2019une bonne planification.","twitter_image":"https:\/\/www.skylinegroupofcompanies.ca\/wp-content\/uploads\/2025\/08\/OG-inheritancerecipient-FR.webp","twitter_misc":{"\u00c9crit par":"Skyline Group of Companies","Dur\u00e9e de lecture estim\u00e9e":"1 minute"},"schema":{"@context":"https:\/\/schema.org","@graph":[{"@type":"Article","@id":"https:\/\/www.skylinegroupofcompanies.ca\/fr\/news-fr\/cultiver-lavenir-un-regard-neuf-sur-la-releve-agricole-au-canada\/#article","isPartOf":{"@id":"https:\/\/www.skylinegroupofcompanies.ca\/fr\/news-fr\/cultiver-lavenir-un-regard-neuf-sur-la-releve-agricole-au-canada\/"},"author":{"name":"Skyline Group of Companies","@id":"https:\/\/www.skylinegroupofcompanies.ca\/#\/schema\/person\/ec4603be97c006c1de096e3ea827a556"},"headline":"Cultiver l\u2019avenir \u2013 Un regard neuf sur la rel\u00e8ve agricole au Canada","datePublished":"2025-08-15T11:58:44+00:00","dateModified":"2025-08-15T11:58:48+00:00","mainEntityOfPage":{"@id":"https:\/\/www.skylinegroupofcompanies.ca\/fr\/news-fr\/cultiver-lavenir-un-regard-neuf-sur-la-releve-agricole-au-canada\/"},"wordCount":298,"publisher":{"@id":"https:\/\/www.skylinegroupofcompanies.ca\/#organization"},"articleSection":["Leadership \u00e9clair\u00e9","News","Skyline dans les m\u00e9dias","Skyline Wealth Management"],"inLanguage":"fr-FR"},{"@type":"WebPage","@id":"https:\/\/www.skylinegroupofcompanies.ca\/fr\/news-fr\/cultiver-lavenir-un-regard-neuf-sur-la-releve-agricole-au-canada\/","url":"https:\/\/www.skylinegroupofcompanies.ca\/fr\/news-fr\/cultiver-lavenir-un-regard-neuf-sur-la-releve-agricole-au-canada\/","name":"Cultiver l\u2019avenir \u2013 Un regard neuf sur la rel\u00e8ve agricole au Canada | Skyline","isPartOf":{"@id":"https:\/\/www.skylinegroupofcompanies.ca\/#website"},"datePublished":"2025-08-15T11:58:44+00:00","dateModified":"2025-08-15T11:58:48+00:00","description":"Au Canada, 88 % des agriculteurs n\u2019ont pas de plan de rel\u00e8ve. Jason Castellan, chef de la direction de Skyline, discute des piliers d\u2019une bonne planification.","breadcrumb":{"@id":"https:\/\/www.skylinegroupofcompanies.ca\/fr\/news-fr\/cultiver-lavenir-un-regard-neuf-sur-la-releve-agricole-au-canada\/#breadcrumb"},"inLanguage":"fr-FR","potentialAction":[{"@type":"ReadAction","target":["https:\/\/www.skylinegroupofcompanies.ca\/fr\/news-fr\/cultiver-lavenir-un-regard-neuf-sur-la-releve-agricole-au-canada\/"]}]},{"@type":"BreadcrumbList","@id":"https:\/\/www.skylinegroupofcompanies.ca\/fr\/news-fr\/cultiver-lavenir-un-regard-neuf-sur-la-releve-agricole-au-canada\/#breadcrumb","itemListElement":[{"@type":"ListItem","position":1,"name":"Home","item":"https:\/\/www.skylinegroupofcompanies.ca\/fr\/"},{"@type":"ListItem","position":2,"name":"Cultiver l\u2019avenir \u2013 Un regard neuf sur la rel\u00e8ve agricole au Canada"}]},{"@type":"WebSite","@id":"https:\/\/www.skylinegroupofcompanies.ca\/#website","url":"https:\/\/www.skylinegroupofcompanies.ca\/","name":"Skyline","description":"We offer services in real estate and clean energy","publisher":{"@id":"https:\/\/www.skylinegroupofcompanies.ca\/#organization"},"alternateName":"Skyline GOC","potentialAction":[{"@type":"SearchAction","target":{"@type":"EntryPoint","urlTemplate":"https:\/\/www.skylinegroupofcompanies.ca\/?s={search_term_string}"},"query-input":{"@type":"PropertyValueSpecification","valueRequired":true,"valueName":"search_term_string"}}],"inLanguage":"fr-FR"},{"@type":"Organization","@id":"https:\/\/www.skylinegroupofcompanies.ca\/#organization","name":"Skyline Group of Companies","url":"https:\/\/www.skylinegroupofcompanies.ca\/","logo":{"@type":"ImageObject","inLanguage":"fr-FR","@id":"https:\/\/www.skylinegroupofcompanies.ca\/#\/schema\/logo\/image\/","url":"https:\/\/www.skylinegroupofcompanies.ca\/wp-content\/uploads\/2020\/09\/logo-blue.svg","contentUrl":"https:\/\/www.skylinegroupofcompanies.ca\/wp-content\/uploads\/2020\/09\/logo-blue.svg","width":1,"height":1,"caption":"Skyline Group of Companies"},"image":{"@id":"https:\/\/www.skylinegroupofcompanies.ca\/#\/schema\/logo\/image\/"}},{"@type":"Person","@id":"https:\/\/www.skylinegroupofcompanies.ca\/#\/schema\/person\/ec4603be97c006c1de096e3ea827a556","name":"Skyline Group of Companies","image":{"@type":"ImageObject","inLanguage":"fr-FR","@id":"https:\/\/secure.gravatar.com\/avatar\/639dea1e28cd25fbd577e0403b28ca4fb22ff4958d631163b079bf6bf4550ea2?s=96&d=mm&r=g","url":"https:\/\/secure.gravatar.com\/avatar\/639dea1e28cd25fbd577e0403b28ca4fb22ff4958d631163b079bf6bf4550ea2?s=96&d=mm&r=g","contentUrl":"https:\/\/secure.gravatar.com\/avatar\/639dea1e28cd25fbd577e0403b28ca4fb22ff4958d631163b079bf6bf4550ea2?s=96&d=mm&r=g","caption":"Skyline Group of Companies"}}]}},"_links":{"self":[{"href":"https:\/\/www.skylinegroupofcompanies.ca\/fr\/wp-json\/wp\/v2\/posts\/81576","targetHints":{"allow":["GET"]}}],"collection":[{"href":"https:\/\/www.skylinegroupofcompanies.ca\/fr\/wp-json\/wp\/v2\/posts"}],"about":[{"href":"https:\/\/www.skylinegroupofcompanies.ca\/fr\/wp-json\/wp\/v2\/types\/post"}],"author":[{"embeddable":true,"href":"https:\/\/www.skylinegroupofcompanies.ca\/fr\/wp-json\/wp\/v2\/users\/30"}],"replies":[{"embeddable":true,"href":"https:\/\/www.skylinegroupofcompanies.ca\/fr\/wp-json\/wp\/v2\/comments?post=81576"}],"version-history":[{"count":1,"href":"https:\/\/www.skylinegroupofcompanies.ca\/fr\/wp-json\/wp\/v2\/posts\/81576\/revisions"}],"predecessor-version":[{"id":81581,"href":"https:\/\/www.skylinegroupofcompanies.ca\/fr\/wp-json\/wp\/v2\/posts\/81576\/revisions\/81581"}],"wp:attachment":[{"href":"https:\/\/www.skylinegroupofcompanies.ca\/fr\/wp-json\/wp\/v2\/media?parent=81576"}],"wp:term":[{"taxonomy":"category","embeddable":true,"href":"https:\/\/www.skylinegroupofcompanies.ca\/fr\/wp-json\/wp\/v2\/categories?post=81576"},{"taxonomy":"post_tag","embeddable":true,"href":"https:\/\/www.skylinegroupofcompanies.ca\/fr\/wp-json\/wp\/v2\/tags?post=81576"}],"curies":[{"name":"wp","href":"https:\/\/api.w.org\/{rel}","templated":true}]}}