{"id":80296,"date":"2025-06-03T12:23:29","date_gmt":"2025-06-03T16:23:29","guid":{"rendered":"https:\/\/www.skylinegroupofcompanies.ca\/?p=80296"},"modified":"2025-06-04T15:53:57","modified_gmt":"2025-06-04T19:53:57","slug":"la-directrice-des-rh-de-skyline-reconnue-comme-une-dirigeante-emergente","status":"publish","type":"post","link":"https:\/\/www.skylinegroupofcompanies.ca\/fr\/news-fr\/la-directrice-des-rh-de-skyline-reconnue-comme-une-dirigeante-emergente\/","title":{"rendered":"La directrice des RH de Skyline reconnue comme une dirigeante \u00e9mergente"},"content":{"rendered":"<p>[Guelph (Ontario) \u2013 Le 3 juin 2025]<\/p>\n<p>Le 3 juin, lors de l\u2019\u00e9v\u00e9nement HR FutureFest de HRD Canada, Breanna Lemieux, directrice des ressources humaines, a re\u00e7u <a href=\"https:\/\/www.hcamag.com\/ca\/best-in-hr\/best-young-hr-professionals-in-canada-rising-stars\/537388\" target=\"_blank\" rel=\"noopener\">le prix de l\u2019\u00ab \u00c9toile montante de l\u2019ann\u00e9e \u00bb 2025<\/a>, qui souligne l\u2019engagement de Skyline en mati\u00e8re d\u2019excellence op\u00e9rationnelle et du service aupr\u00e8s de toutes ses parties prenantes, y compris le personnel.<\/p>\n<p>Le prix de l\u2019\u00ab \u00c9toile montante de l\u2019ann\u00e9e \u00bb est d\u00e9cern\u00e9 \u00e0 de jeunes professionnels talentueux et accomplis dans le secteur canadien de RH qui ont entre cinq et dix ans d\u2019exp\u00e9rience concr\u00e8te et qui ont d\u00e9montr\u00e9 leur engagement envers la profession. Breanna est l\u2019une des 30 personnes au Canada qui ont remport\u00e9 le prix 2025.<\/p>\n<blockquote><p>\u00ab Depuis son arriv\u00e9e, Breanna a fait preuve d\u2019un solide leadership et d\u2019un engagement \u00e0 offrir un service exceptionnel aux membres du personnel et il n\u2019est pas \u00e9tonnant qu\u2019elle soit choisie parmi les leaders \u00e9mergents du secteur canadien des RH \u00bb, a d\u00e9clar\u00e9 <a href=\"https:\/\/www.skylineliving.ca\/fr\/about\/management-team\/\" target=\"_blank\" rel=\"noopener\">Sarah Yusyp<\/a>, directrice principale des ressources humaines de Skyline.<\/p>\n<p>\u00ab Breanna est largement reconnue pour sa r\u00e9silience et son sang-froid face aux d\u00e9fis \u2014 ce qui n\u2019est pas facile dans un r\u00f4le de RH au sein du secteur canadien de l\u2019immobilier, qui est dynamique et qui exige souvent de l\u2019adaptabilit\u00e9 et de la cr\u00e9ativit\u00e9 pour trouver des solutions. Le travail de Breanna a suscit\u00e9 des retomb\u00e9es positives et durables sur Skyline et toutes ses parties prenantes. Nous la f\u00e9licitons pour cette reconnaissance bien m\u00e9rit\u00e9e. \u00bb<\/p><\/blockquote>\n<p>Breanna est la deuxi\u00e8me employ\u00e9e de Skyline \u00e0 recevoir un prix d\u2019\u00ab \u00c9toile montante de l\u2019ann\u00e9e \u00bb. En effet, Sarah Yusyp a re\u00e7u une distinction semblable en 2023 dans le cadre du concours Canadian HR Awards. De plus, au cours des ann\u00e9es pr\u00e9c\u00e9dentes, Skyline s\u2019est retrouv\u00e9e en finale pour d\u2019autres prix d\u00e9cern\u00e9s dans le cadre du concours Canadian HR Awards, notamment dans les cat\u00e9gories de l\u2019\u00e9quipe RH de l\u2019ann\u00e9e, de la meilleure culture en milieu de travail, de la meilleure strat\u00e9gie d\u2019apprentissage et de perfectionnement et du leader de l\u2019ann\u00e9e.<\/p>\n<p>\u00c0 Skyline, nous reconnaissons l\u2019importance d\u2019une main-d\u2019\u0153uvre talentueuse, diversifi\u00e9e et engag\u00e9e pour cr\u00e9er de la valeur et favoriser la croissance \u00e0 long terme et nous sommes d\u00e9termin\u00e9s \u00e0 offrir un excellent service \u00e0 nos quelque 1 000 membres du personnel partout au Canada. Breanna et toute l\u2019\u00e9quipe des RH de Skyline jouent un r\u00f4le essentiel : veiller \u00e0 ce que l\u2019entreprise attire les meilleurs talents du secteur et leur donne les moyens de se perfectionner et de r\u00e9ussir.<\/p>\n<p>F\u00e9licitations \u00e0 Breanna pour cette distinction des plus remarquables!<\/p>\n<p>_____________________<\/p>\n<h2>Au sujet de Skyline<\/h2>\n<p>Skyline est une entit\u00e9 pleinement int\u00e9gr\u00e9e consacr\u00e9e \u00e0 l\u2019acquisition, \u00e0 la gestion, \u00e0 la promotion et \u00e0 l\u2019investissement d\u2019actifs.<\/p>\n<p>Elle est compos\u00e9e de soci\u00e9t\u00e9s offrant des services de gestion et de promotion dans les secteurs de l\u2019immobilier et des infrastructures d\u2019\u00e9nergie renouvelable.<\/p>\n<p>\u00c0 l\u2019heure actuelle, Skyline g\u00e8re un portefeuille de plus de 9 milliards de dollars* en biens immobiliers et en infrastructures d\u2019\u00e9nergie renouvelable.<\/p>\n<p>Forte d\u2019un effectif de quelque 1 000 personnes partout au Canada, Skyline s\u2019emploie \u00e0 offrir \u00e0 ses locataires des milieux de vie propres, confortables et s\u00e9curitaires, des environnements propices aux affaires, des solutions durables pour assurer un avenir vert et une exp\u00e9rience conviviale \u00e0 ses investisseurs.<\/p>\n<p>Pour en savoir plus sur Skyline, rendez-vous sur le site <a href=\"https:\/\/www.skylinegroupofcompanies.ca\/fr\/\">SkylineGroupOfCompanies.ca<\/a>.<\/p>\n<p>*au 31 mars 2025<\/p>\n<h3>Demandes de renseignements des m\u00e9dias :<\/h3>\n<address>Cindy Beverly<br \/>\nVice-pr\u00e9sidente, Marketing et communications<br \/>\nSkyline<br \/>\n5, rue Douglas, bureau 301<br \/>\nGuelph (Ontario) N1H 2S8<br \/>\n<a href=\"mailto:cbeverly@skylinegrp.ca?subject=Skyline Media Inquiry\">cbeverly@skylinegrp.ca<\/a><\/address>\n","protected":false},"excerpt":{"rendered":"<p>[Guelph (Ontario) \u2013 Le 3 juin 2025] Le 3 juin, lors de l\u2019\u00e9v\u00e9nement HR FutureFest de HRD Canada, Breanna Lemieux, directrice des ressources humaines, a re\u00e7u le prix de l\u2019\u00ab \u00c9toile montante de l\u2019ann\u00e9e \u00bb 2025, qui souligne l\u2019engagement de Skyline en mati\u00e8re d\u2019excellence op\u00e9rationnelle et du service aupr\u00e8s de toutes ses parties prenantes, y [&hellip;]<\/p>\n","protected":false},"author":30,"featured_media":0,"comment_status":"closed","ping_status":"closed","sticky":false,"template":"","format":"standard","meta":{"_acf_changed":false,"footnotes":"","_links_to":"","_links_to_target":""},"categories":[88,107],"tags":[],"class_list":["post-80296","post","type-post","status-publish","format-standard","hentry","category-news-fr","category-awards-and-recognition-fr"],"acf":[],"yoast_head":"<!-- This site is optimized with the Yoast SEO plugin v27.4 - https:\/\/yoast.com\/product\/yoast-seo-wordpress\/ -->\n<title>La directrice des RH de Skyline reconnue comme une dirigeante \u00e9mergente | Skyline La directrice des RH de Skyline reconnue comme une dirigeante \u00e9mergente<\/title>\n<meta name=\"description\" content=\"Breanna Lemieux, directrice des ressources humaines, a re\u00e7u le prix de l\u2019\u00ab \u00c9toile montante de l\u2019ann\u00e9e \u00bb 2025 de HRD Canada.\" \/>\n<meta name=\"robots\" content=\"index, follow, max-snippet:-1, max-image-preview:large, max-video-preview:-1\" \/>\n<link rel=\"canonical\" href=\"https:\/\/www.skylinegroupofcompanies.ca\/fr\/news-fr\/la-directrice-des-rh-de-skyline-reconnue-comme-une-dirigeante-emergente\/\" \/>\n<meta property=\"og:locale\" content=\"fr_FR\" \/>\n<meta property=\"og:type\" content=\"article\" \/>\n<meta property=\"og:title\" content=\"La directrice des RH de Skyline reconnue comme une dirigeante \u00e9mergente\" \/>\n<meta property=\"og:description\" content=\"Breanna Lemieux, directrice des ressources humaines, a re\u00e7u le prix de l\u2019\u00ab \u00c9toile montante de l\u2019ann\u00e9e \u00bb 2025 de HRD Canada.\" \/>\n<meta property=\"og:url\" content=\"https:\/\/www.skylinegroupofcompanies.ca\/fr\/news-fr\/la-directrice-des-rh-de-skyline-reconnue-comme-une-dirigeante-emergente\/\" \/>\n<meta property=\"og:site_name\" content=\"Skyline\" \/>\n<meta property=\"article:published_time\" content=\"2025-06-03T16:23:29+00:00\" \/>\n<meta property=\"article:modified_time\" content=\"2025-06-04T19:53:57+00:00\" \/>\n<meta property=\"og:image\" content=\"https:\/\/www.skylinegroupofcompanies.ca\/wp-content\/uploads\/2025\/06\/OG-HRD-RisingStar.webp\" \/>\n\t<meta property=\"og:image:width\" content=\"1200\" \/>\n\t<meta property=\"og:image:height\" content=\"630\" \/>\n\t<meta property=\"og:image:type\" content=\"image\/webp\" \/>\n<meta name=\"author\" content=\"Skyline Group of Companies\" \/>\n<meta name=\"twitter:card\" content=\"summary_large_image\" \/>\n<meta name=\"twitter:title\" content=\"La directrice des RH de Skyline reconnue comme une dirigeante \u00e9mergente\" \/>\n<meta name=\"twitter:description\" content=\"Breanna Lemieux, directrice des ressources humaines, a re\u00e7u le prix de l\u2019\u00ab \u00c9toile montante de l\u2019ann\u00e9e \u00bb 2025 de HRD Canada.\" \/>\n<meta name=\"twitter:image\" content=\"https:\/\/www.skylinegroupofcompanies.ca\/wp-content\/uploads\/2025\/06\/OG-HRD-RisingStar.webp\" \/>\n<meta name=\"twitter:label1\" content=\"\u00c9crit par\" \/>\n\t<meta name=\"twitter:data1\" content=\"Skyline Group of Companies\" \/>\n\t<meta name=\"twitter:label2\" content=\"Dur\u00e9e de lecture estim\u00e9e\" \/>\n\t<meta name=\"twitter:data2\" content=\"2 minutes\" \/>\n<!-- \/ Yoast SEO plugin. -->","yoast_head_json":{"title":"La directrice des RH de Skyline reconnue comme une dirigeante \u00e9mergente | Skyline La directrice des RH de Skyline reconnue comme une dirigeante \u00e9mergente","description":"Breanna Lemieux, directrice des ressources humaines, a re\u00e7u le prix de l\u2019\u00ab \u00c9toile montante de l\u2019ann\u00e9e \u00bb 2025 de HRD Canada.","robots":{"index":"index","follow":"follow","max-snippet":"max-snippet:-1","max-image-preview":"max-image-preview:large","max-video-preview":"max-video-preview:-1"},"canonical":"https:\/\/www.skylinegroupofcompanies.ca\/fr\/news-fr\/la-directrice-des-rh-de-skyline-reconnue-comme-une-dirigeante-emergente\/","og_locale":"fr_FR","og_type":"article","og_title":"La directrice des RH de Skyline reconnue comme une dirigeante \u00e9mergente","og_description":"Breanna Lemieux, directrice des ressources humaines, a re\u00e7u le prix de l\u2019\u00ab \u00c9toile montante de l\u2019ann\u00e9e \u00bb 2025 de HRD Canada.","og_url":"https:\/\/www.skylinegroupofcompanies.ca\/fr\/news-fr\/la-directrice-des-rh-de-skyline-reconnue-comme-une-dirigeante-emergente\/","og_site_name":"Skyline","article_published_time":"2025-06-03T16:23:29+00:00","article_modified_time":"2025-06-04T19:53:57+00:00","og_image":[{"width":1200,"height":630,"url":"https:\/\/www.skylinegroupofcompanies.ca\/wp-content\/uploads\/2025\/06\/OG-HRD-RisingStar.webp","type":"image\/webp"}],"author":"Skyline Group of Companies","twitter_card":"summary_large_image","twitter_title":"La directrice des RH de Skyline reconnue comme une dirigeante \u00e9mergente","twitter_description":"Breanna Lemieux, directrice des ressources humaines, a re\u00e7u le prix de l\u2019\u00ab \u00c9toile montante de l\u2019ann\u00e9e \u00bb 2025 de HRD Canada.","twitter_image":"https:\/\/www.skylinegroupofcompanies.ca\/wp-content\/uploads\/2025\/06\/OG-HRD-RisingStar.webp","twitter_misc":{"\u00c9crit par":"Skyline Group of Companies","Dur\u00e9e de lecture estim\u00e9e":"2 minutes"},"schema":{"@context":"https:\/\/schema.org","@graph":[{"@type":"Article","@id":"https:\/\/www.skylinegroupofcompanies.ca\/fr\/news-fr\/la-directrice-des-rh-de-skyline-reconnue-comme-une-dirigeante-emergente\/#article","isPartOf":{"@id":"https:\/\/www.skylinegroupofcompanies.ca\/fr\/news-fr\/la-directrice-des-rh-de-skyline-reconnue-comme-une-dirigeante-emergente\/"},"author":{"name":"Skyline Group of Companies","@id":"https:\/\/www.skylinegroupofcompanies.ca\/#\/schema\/person\/ec4603be97c006c1de096e3ea827a556"},"headline":"La directrice des RH de Skyline reconnue comme une dirigeante \u00e9mergente","datePublished":"2025-06-03T16:23:29+00:00","dateModified":"2025-06-04T19:53:57+00:00","mainEntityOfPage":{"@id":"https:\/\/www.skylinegroupofcompanies.ca\/fr\/news-fr\/la-directrice-des-rh-de-skyline-reconnue-comme-une-dirigeante-emergente\/"},"wordCount":631,"publisher":{"@id":"https:\/\/www.skylinegroupofcompanies.ca\/#organization"},"articleSection":["News","Prix et distinctions"],"inLanguage":"fr-FR"},{"@type":"WebPage","@id":"https:\/\/www.skylinegroupofcompanies.ca\/fr\/news-fr\/la-directrice-des-rh-de-skyline-reconnue-comme-une-dirigeante-emergente\/","url":"https:\/\/www.skylinegroupofcompanies.ca\/fr\/news-fr\/la-directrice-des-rh-de-skyline-reconnue-comme-une-dirigeante-emergente\/","name":"La directrice des RH de Skyline reconnue comme une dirigeante \u00e9mergente | Skyline La directrice des RH de Skyline reconnue comme une dirigeante \u00e9mergente","isPartOf":{"@id":"https:\/\/www.skylinegroupofcompanies.ca\/#website"},"datePublished":"2025-06-03T16:23:29+00:00","dateModified":"2025-06-04T19:53:57+00:00","description":"Breanna Lemieux, directrice des ressources humaines, a re\u00e7u le prix de l\u2019\u00ab \u00c9toile montante de l\u2019ann\u00e9e \u00bb 2025 de HRD Canada.","breadcrumb":{"@id":"https:\/\/www.skylinegroupofcompanies.ca\/fr\/news-fr\/la-directrice-des-rh-de-skyline-reconnue-comme-une-dirigeante-emergente\/#breadcrumb"},"inLanguage":"fr-FR","potentialAction":[{"@type":"ReadAction","target":["https:\/\/www.skylinegroupofcompanies.ca\/fr\/news-fr\/la-directrice-des-rh-de-skyline-reconnue-comme-une-dirigeante-emergente\/"]}]},{"@type":"BreadcrumbList","@id":"https:\/\/www.skylinegroupofcompanies.ca\/fr\/news-fr\/la-directrice-des-rh-de-skyline-reconnue-comme-une-dirigeante-emergente\/#breadcrumb","itemListElement":[{"@type":"ListItem","position":1,"name":"Home","item":"https:\/\/www.skylinegroupofcompanies.ca\/fr\/"},{"@type":"ListItem","position":2,"name":"La directrice des RH de Skyline reconnue comme une dirigeante \u00e9mergente"}]},{"@type":"WebSite","@id":"https:\/\/www.skylinegroupofcompanies.ca\/#website","url":"https:\/\/www.skylinegroupofcompanies.ca\/","name":"Skyline","description":"We offer services in real estate and clean energy","publisher":{"@id":"https:\/\/www.skylinegroupofcompanies.ca\/#organization"},"alternateName":"Skyline GOC","potentialAction":[{"@type":"SearchAction","target":{"@type":"EntryPoint","urlTemplate":"https:\/\/www.skylinegroupofcompanies.ca\/?s={search_term_string}"},"query-input":{"@type":"PropertyValueSpecification","valueRequired":true,"valueName":"search_term_string"}}],"inLanguage":"fr-FR"},{"@type":"Organization","@id":"https:\/\/www.skylinegroupofcompanies.ca\/#organization","name":"Skyline Group of Companies","url":"https:\/\/www.skylinegroupofcompanies.ca\/","logo":{"@type":"ImageObject","inLanguage":"fr-FR","@id":"https:\/\/www.skylinegroupofcompanies.ca\/#\/schema\/logo\/image\/","url":"https:\/\/www.skylinegroupofcompanies.ca\/wp-content\/uploads\/2020\/09\/logo-blue.svg","contentUrl":"https:\/\/www.skylinegroupofcompanies.ca\/wp-content\/uploads\/2020\/09\/logo-blue.svg","width":1,"height":1,"caption":"Skyline Group of Companies"},"image":{"@id":"https:\/\/www.skylinegroupofcompanies.ca\/#\/schema\/logo\/image\/"}},{"@type":"Person","@id":"https:\/\/www.skylinegroupofcompanies.ca\/#\/schema\/person\/ec4603be97c006c1de096e3ea827a556","name":"Skyline Group of Companies","image":{"@type":"ImageObject","inLanguage":"fr-FR","@id":"https:\/\/secure.gravatar.com\/avatar\/639dea1e28cd25fbd577e0403b28ca4fb22ff4958d631163b079bf6bf4550ea2?s=96&d=mm&r=g","url":"https:\/\/secure.gravatar.com\/avatar\/639dea1e28cd25fbd577e0403b28ca4fb22ff4958d631163b079bf6bf4550ea2?s=96&d=mm&r=g","contentUrl":"https:\/\/secure.gravatar.com\/avatar\/639dea1e28cd25fbd577e0403b28ca4fb22ff4958d631163b079bf6bf4550ea2?s=96&d=mm&r=g","caption":"Skyline Group of Companies"}}]}},"_links":{"self":[{"href":"https:\/\/www.skylinegroupofcompanies.ca\/fr\/wp-json\/wp\/v2\/posts\/80296","targetHints":{"allow":["GET"]}}],"collection":[{"href":"https:\/\/www.skylinegroupofcompanies.ca\/fr\/wp-json\/wp\/v2\/posts"}],"about":[{"href":"https:\/\/www.skylinegroupofcompanies.ca\/fr\/wp-json\/wp\/v2\/types\/post"}],"author":[{"embeddable":true,"href":"https:\/\/www.skylinegroupofcompanies.ca\/fr\/wp-json\/wp\/v2\/users\/30"}],"replies":[{"embeddable":true,"href":"https:\/\/www.skylinegroupofcompanies.ca\/fr\/wp-json\/wp\/v2\/comments?post=80296"}],"version-history":[{"count":3,"href":"https:\/\/www.skylinegroupofcompanies.ca\/fr\/wp-json\/wp\/v2\/posts\/80296\/revisions"}],"predecessor-version":[{"id":80301,"href":"https:\/\/www.skylinegroupofcompanies.ca\/fr\/wp-json\/wp\/v2\/posts\/80296\/revisions\/80301"}],"wp:attachment":[{"href":"https:\/\/www.skylinegroupofcompanies.ca\/fr\/wp-json\/wp\/v2\/media?parent=80296"}],"wp:term":[{"taxonomy":"category","embeddable":true,"href":"https:\/\/www.skylinegroupofcompanies.ca\/fr\/wp-json\/wp\/v2\/categories?post=80296"},{"taxonomy":"post_tag","embeddable":true,"href":"https:\/\/www.skylinegroupofcompanies.ca\/fr\/wp-json\/wp\/v2\/tags?post=80296"}],"curies":[{"name":"wp","href":"https:\/\/api.w.org\/{rel}","templated":true}]}}