{"id":74058,"date":"2023-06-12T11:04:47","date_gmt":"2023-06-12T15:04:47","guid":{"rendered":"https:\/\/www.skylinegroupofcompanies.ca\/?p=74058"},"modified":"2023-06-22T12:43:02","modified_gmt":"2023-06-22T16:43:02","slug":"skyline-retail-reit-achete-une-propriete-a-st-felix-de-valois","status":"publish","type":"post","link":"https:\/\/www.skylinegroupofcompanies.ca\/fr\/news-fr\/skyline-retail-reit-achete-une-propriete-a-st-felix-de-valois\/","title":{"rendered":"Skyline Retail REIT ach\u00e8te une propri\u00e9t\u00e9 \u00e0 St-F\u00e9lix-de-Valois"},"content":{"rendered":"<p>[Guelph (Ontario) \u2013 Le 12 juin 2023]<\/p>\n<p>Le 12 juin 2023, Skyline Retail REIT a achet\u00e9 une propri\u00e9t\u00e9 de vente au d\u00e9tail situ\u00e9e au 3110, rue Henri-L.-Chevrette \u00e0 Saint-F\u00e9lix-de-Valois (Qu\u00e9bec). Occup\u00e9e par un magasin Tigre G\u00e9ant, la propri\u00e9t\u00e9 offre des espaces totalisant 19 310 pieds carr\u00e9s.<\/p>\n<p>Il s\u2019agit de la deuxi\u00e8me acquisition de Skyline Retail REIT \u00e0 Saint-F\u00e9lix-de-Valois. Le FPI d\u00e9tient \u00e9galement une propri\u00e9t\u00e9 de vente au d\u00e9tail \u00e0 locataires multiples voisine, au 3080-3110, rue Henri-L.-Chevrette et 5371, chemin Saint-Jean.<\/p>\n<blockquote><p>\u00ab Skyline Retail REIT a le plaisir d\u2019annoncer l\u2019acquisition d\u2019une autre propri\u00e9t\u00e9 \u00e0 Saint-F\u00e9lix-de-Valois \u00bb, a d\u00e9clar\u00e9 <a href=\"https:\/\/www.skylineretailreit.ca\/management-team\/gordon-driedger\/\" target=\"_blank\" rel=\"noopener\">Gordon Driedger<\/a>, pr\u00e9sident de Skyline Retail REIT.<\/p>\n<p>\u00ab Le FPI reste bien plac\u00e9 pour profiter de la demande du march\u00e9 et saisir les d\u00e9bouch\u00e9s de croissance qui se pr\u00e9sentent. De plus, cette acquisition cadre bien avec notre strat\u00e9gie, qui consiste \u00e0 former un portefeuille solide et r\u00e9silient pour g\u00e9n\u00e9rer de la valeur et de la croissance \u00e0 long terme. \u00bb<\/p><\/blockquote>\n<p>\u00c0 la suite de cette transaction, le FPI compte 118 propri\u00e9t\u00e9s dans 71 villes r\u00e9parties dans 5 provinces canadiennes, et ses espaces pour la vente au d\u00e9tail totalisent 5 482 104 pieds carr\u00e9s.<\/p>\n<h3>Demandes de renseignements des m\u00e9dias :<\/h3>\n<address>Cindy Beverly<br \/>\nVice-pr\u00e9sidente, Marketing et communications<br \/>\nSkyline Group of Companies<br \/>\n5, rue Douglas, bureau 301<br \/>\nGuelph (Ontario) N1H 2S8<br \/>\n<a href=\"tel:5198260439\">519 826-0439<\/a>, poste 243<\/address>\n","protected":false},"excerpt":{"rendered":"<p>[Guelph (Ontario) \u2013 Le 12 juin 2023] Le 12 juin 2023, Skyline Retail REIT a achet\u00e9 une propri\u00e9t\u00e9 de vente au d\u00e9tail situ\u00e9e au 3110, rue Henri-L.-Chevrette \u00e0 Saint-F\u00e9lix-de-Valois (Qu\u00e9bec). Occup\u00e9e par un magasin Tigre G\u00e9ant, la propri\u00e9t\u00e9 offre des espaces totalisant 19 310 pieds carr\u00e9s. Il s\u2019agit de la deuxi\u00e8me acquisition de Skyline Retail [&hellip;]<\/p>\n","protected":false},"author":29,"featured_media":0,"comment_status":"closed","ping_status":"closed","sticky":false,"template":"","format":"standard","meta":{"_acf_changed":false,"footnotes":"","_links_to":"","_links_to_target":""},"categories":[88,109,92],"tags":[],"class_list":["post-74058","post","type-post","status-publish","format-standard","hentry","category-news-fr","category-skyline-retail-reit-fr","category-skyline-wealth-fr"],"acf":[],"yoast_head":"<!-- This site is optimized with the Yoast SEO plugin v27.4 - https:\/\/yoast.com\/product\/yoast-seo-wordpress\/ -->\n<title>Skyline Retail REIT ach\u00e8te une propri\u00e9t\u00e9 \u00e0 St-F\u00e9lix-de-Valois | Skyline<\/title>\n<meta name=\"description\" content=\"Le 12 juin 2023, Skyline Retail REIT a achet\u00e9 une deuxi\u00e8me propri\u00e9t\u00e9 \u00e0 Saint-F\u00e9lix-de-Valois (Qu\u00e9bec).\" \/>\n<meta name=\"robots\" content=\"index, follow, max-snippet:-1, max-image-preview:large, max-video-preview:-1\" \/>\n<link rel=\"canonical\" href=\"https:\/\/www.skylinegroupofcompanies.ca\/fr\/news-fr\/skyline-retail-reit-achete-une-propriete-a-st-felix-de-valois\/\" \/>\n<meta property=\"og:locale\" content=\"fr_FR\" \/>\n<meta property=\"og:type\" content=\"article\" \/>\n<meta property=\"og:title\" content=\"Skyline Retail REIT ach\u00e8te une propri\u00e9t\u00e9 \u00e0 St-F\u00e9lix-de-Valois\" \/>\n<meta property=\"og:description\" content=\"Le 12 juin 2023, Skyline Retail REIT a achet\u00e9 une deuxi\u00e8me propri\u00e9t\u00e9 \u00e0 Saint-F\u00e9lix-de-Valois (Qu\u00e9bec).\" \/>\n<meta property=\"og:url\" content=\"https:\/\/www.skylinegroupofcompanies.ca\/fr\/news-fr\/skyline-retail-reit-achete-une-propriete-a-st-felix-de-valois\/\" \/>\n<meta property=\"og:site_name\" content=\"Skyline\" \/>\n<meta property=\"article:published_time\" content=\"2023-06-12T15:04:47+00:00\" \/>\n<meta property=\"article:modified_time\" content=\"2023-06-22T16:43:02+00:00\" \/>\n<meta property=\"og:image\" content=\"https:\/\/www.skylinegroupofcompanies.ca\/wp-content\/uploads\/2023\/06\/Saint-Felix-de-Valois-Acquisition-Instagram-Twitter.jpg\" \/>\n\t<meta property=\"og:image:width\" content=\"1080\" \/>\n\t<meta property=\"og:image:height\" content=\"1080\" \/>\n\t<meta property=\"og:image:type\" content=\"image\/jpeg\" \/>\n<meta name=\"author\" content=\"Skyline Wealth Management\" \/>\n<meta name=\"twitter:card\" content=\"summary_large_image\" \/>\n<meta name=\"twitter:title\" content=\"Skyline Retail REIT ach\u00e8te une propri\u00e9t\u00e9 \u00e0 St-F\u00e9lix-de-Valois\" \/>\n<meta name=\"twitter:description\" content=\"Le 12 juin 2023, Skyline Retail REIT a achet\u00e9 une deuxi\u00e8me propri\u00e9t\u00e9 \u00e0 Saint-F\u00e9lix-de-Valois (Qu\u00e9bec).\" \/>\n<meta name=\"twitter:image\" content=\"https:\/\/www.skylinegroupofcompanies.ca\/wp-content\/uploads\/2023\/06\/Saint-Felix-de-Valois-Acquisition-Instagram-Twitter.jpg\" \/>\n<meta name=\"twitter:label1\" content=\"\u00c9crit par\" \/>\n\t<meta name=\"twitter:data1\" content=\"Skyline Wealth Management\" \/>\n\t<meta name=\"twitter:label2\" content=\"Dur\u00e9e de lecture estim\u00e9e\" \/>\n\t<meta name=\"twitter:data2\" content=\"1 minute\" \/>\n<!-- \/ Yoast SEO plugin. -->","yoast_head_json":{"title":"Skyline Retail REIT ach\u00e8te une propri\u00e9t\u00e9 \u00e0 St-F\u00e9lix-de-Valois | Skyline","description":"Le 12 juin 2023, Skyline Retail REIT a achet\u00e9 une deuxi\u00e8me propri\u00e9t\u00e9 \u00e0 Saint-F\u00e9lix-de-Valois (Qu\u00e9bec).","robots":{"index":"index","follow":"follow","max-snippet":"max-snippet:-1","max-image-preview":"max-image-preview:large","max-video-preview":"max-video-preview:-1"},"canonical":"https:\/\/www.skylinegroupofcompanies.ca\/fr\/news-fr\/skyline-retail-reit-achete-une-propriete-a-st-felix-de-valois\/","og_locale":"fr_FR","og_type":"article","og_title":"Skyline Retail REIT ach\u00e8te une propri\u00e9t\u00e9 \u00e0 St-F\u00e9lix-de-Valois","og_description":"Le 12 juin 2023, Skyline Retail REIT a achet\u00e9 une deuxi\u00e8me propri\u00e9t\u00e9 \u00e0 Saint-F\u00e9lix-de-Valois (Qu\u00e9bec).","og_url":"https:\/\/www.skylinegroupofcompanies.ca\/fr\/news-fr\/skyline-retail-reit-achete-une-propriete-a-st-felix-de-valois\/","og_site_name":"Skyline","article_published_time":"2023-06-12T15:04:47+00:00","article_modified_time":"2023-06-22T16:43:02+00:00","og_image":[{"width":1080,"height":1080,"url":"https:\/\/www.skylinegroupofcompanies.ca\/wp-content\/uploads\/2023\/06\/Saint-Felix-de-Valois-Acquisition-Instagram-Twitter.jpg","type":"image\/jpeg"}],"author":"Skyline Wealth Management","twitter_card":"summary_large_image","twitter_title":"Skyline Retail REIT ach\u00e8te une propri\u00e9t\u00e9 \u00e0 St-F\u00e9lix-de-Valois","twitter_description":"Le 12 juin 2023, Skyline Retail REIT a achet\u00e9 une deuxi\u00e8me propri\u00e9t\u00e9 \u00e0 Saint-F\u00e9lix-de-Valois (Qu\u00e9bec).","twitter_image":"https:\/\/www.skylinegroupofcompanies.ca\/wp-content\/uploads\/2023\/06\/Saint-Felix-de-Valois-Acquisition-Instagram-Twitter.jpg","twitter_misc":{"\u00c9crit par":"Skyline Wealth Management","Dur\u00e9e de lecture estim\u00e9e":"1 minute"},"schema":{"@context":"https:\/\/schema.org","@graph":[{"@type":"Article","@id":"https:\/\/www.skylinegroupofcompanies.ca\/fr\/news-fr\/skyline-retail-reit-achete-une-propriete-a-st-felix-de-valois\/#article","isPartOf":{"@id":"https:\/\/www.skylinegroupofcompanies.ca\/fr\/news-fr\/skyline-retail-reit-achete-une-propriete-a-st-felix-de-valois\/"},"author":{"name":"Skyline Wealth Management","@id":"https:\/\/www.skylinegroupofcompanies.ca\/#\/schema\/person\/48a88414ba7b89c16d503791a6ce1523"},"headline":"Skyline Retail REIT ach\u00e8te une propri\u00e9t\u00e9 \u00e0 St-F\u00e9lix-de-Valois","datePublished":"2023-06-12T15:04:47+00:00","dateModified":"2023-06-22T16:43:02+00:00","mainEntityOfPage":{"@id":"https:\/\/www.skylinegroupofcompanies.ca\/fr\/news-fr\/skyline-retail-reit-achete-une-propriete-a-st-felix-de-valois\/"},"wordCount":237,"publisher":{"@id":"https:\/\/www.skylinegroupofcompanies.ca\/#organization"},"articleSection":["News","Skyline Retail REIT","Skyline Wealth Management"],"inLanguage":"fr-FR"},{"@type":"WebPage","@id":"https:\/\/www.skylinegroupofcompanies.ca\/fr\/news-fr\/skyline-retail-reit-achete-une-propriete-a-st-felix-de-valois\/","url":"https:\/\/www.skylinegroupofcompanies.ca\/fr\/news-fr\/skyline-retail-reit-achete-une-propriete-a-st-felix-de-valois\/","name":"Skyline Retail REIT ach\u00e8te une propri\u00e9t\u00e9 \u00e0 St-F\u00e9lix-de-Valois | Skyline","isPartOf":{"@id":"https:\/\/www.skylinegroupofcompanies.ca\/#website"},"datePublished":"2023-06-12T15:04:47+00:00","dateModified":"2023-06-22T16:43:02+00:00","description":"Le 12 juin 2023, Skyline Retail REIT a achet\u00e9 une deuxi\u00e8me propri\u00e9t\u00e9 \u00e0 Saint-F\u00e9lix-de-Valois (Qu\u00e9bec).","breadcrumb":{"@id":"https:\/\/www.skylinegroupofcompanies.ca\/fr\/news-fr\/skyline-retail-reit-achete-une-propriete-a-st-felix-de-valois\/#breadcrumb"},"inLanguage":"fr-FR","potentialAction":[{"@type":"ReadAction","target":["https:\/\/www.skylinegroupofcompanies.ca\/fr\/news-fr\/skyline-retail-reit-achete-une-propriete-a-st-felix-de-valois\/"]}]},{"@type":"BreadcrumbList","@id":"https:\/\/www.skylinegroupofcompanies.ca\/fr\/news-fr\/skyline-retail-reit-achete-une-propriete-a-st-felix-de-valois\/#breadcrumb","itemListElement":[{"@type":"ListItem","position":1,"name":"Home","item":"https:\/\/www.skylinegroupofcompanies.ca\/fr\/"},{"@type":"ListItem","position":2,"name":"Skyline Retail REIT ach\u00e8te une propri\u00e9t\u00e9 \u00e0 St-F\u00e9lix-de-Valois"}]},{"@type":"WebSite","@id":"https:\/\/www.skylinegroupofcompanies.ca\/#website","url":"https:\/\/www.skylinegroupofcompanies.ca\/","name":"Skyline","description":"We offer services in real estate and clean energy","publisher":{"@id":"https:\/\/www.skylinegroupofcompanies.ca\/#organization"},"alternateName":"Skyline GOC","potentialAction":[{"@type":"SearchAction","target":{"@type":"EntryPoint","urlTemplate":"https:\/\/www.skylinegroupofcompanies.ca\/?s={search_term_string}"},"query-input":{"@type":"PropertyValueSpecification","valueRequired":true,"valueName":"search_term_string"}}],"inLanguage":"fr-FR"},{"@type":"Organization","@id":"https:\/\/www.skylinegroupofcompanies.ca\/#organization","name":"Skyline Group of Companies","url":"https:\/\/www.skylinegroupofcompanies.ca\/","logo":{"@type":"ImageObject","inLanguage":"fr-FR","@id":"https:\/\/www.skylinegroupofcompanies.ca\/#\/schema\/logo\/image\/","url":"https:\/\/www.skylinegroupofcompanies.ca\/wp-content\/uploads\/2020\/09\/logo-blue.svg","contentUrl":"https:\/\/www.skylinegroupofcompanies.ca\/wp-content\/uploads\/2020\/09\/logo-blue.svg","width":1,"height":1,"caption":"Skyline Group of Companies"},"image":{"@id":"https:\/\/www.skylinegroupofcompanies.ca\/#\/schema\/logo\/image\/"}},{"@type":"Person","@id":"https:\/\/www.skylinegroupofcompanies.ca\/#\/schema\/person\/48a88414ba7b89c16d503791a6ce1523","name":"Skyline Wealth Management","image":{"@type":"ImageObject","inLanguage":"fr-FR","@id":"https:\/\/secure.gravatar.com\/avatar\/3959555214a0ab4f9ef58c6f950ee0331681b358d942abd71771da22046390b0?s=96&d=mm&r=g","url":"https:\/\/secure.gravatar.com\/avatar\/3959555214a0ab4f9ef58c6f950ee0331681b358d942abd71771da22046390b0?s=96&d=mm&r=g","contentUrl":"https:\/\/secure.gravatar.com\/avatar\/3959555214a0ab4f9ef58c6f950ee0331681b358d942abd71771da22046390b0?s=96&d=mm&r=g","caption":"Skyline Wealth Management"}}]}},"_links":{"self":[{"href":"https:\/\/www.skylinegroupofcompanies.ca\/fr\/wp-json\/wp\/v2\/posts\/74058","targetHints":{"allow":["GET"]}}],"collection":[{"href":"https:\/\/www.skylinegroupofcompanies.ca\/fr\/wp-json\/wp\/v2\/posts"}],"about":[{"href":"https:\/\/www.skylinegroupofcompanies.ca\/fr\/wp-json\/wp\/v2\/types\/post"}],"author":[{"embeddable":true,"href":"https:\/\/www.skylinegroupofcompanies.ca\/fr\/wp-json\/wp\/v2\/users\/29"}],"replies":[{"embeddable":true,"href":"https:\/\/www.skylinegroupofcompanies.ca\/fr\/wp-json\/wp\/v2\/comments?post=74058"}],"version-history":[{"count":0,"href":"https:\/\/www.skylinegroupofcompanies.ca\/fr\/wp-json\/wp\/v2\/posts\/74058\/revisions"}],"wp:attachment":[{"href":"https:\/\/www.skylinegroupofcompanies.ca\/fr\/wp-json\/wp\/v2\/media?parent=74058"}],"wp:term":[{"taxonomy":"category","embeddable":true,"href":"https:\/\/www.skylinegroupofcompanies.ca\/fr\/wp-json\/wp\/v2\/categories?post=74058"},{"taxonomy":"post_tag","embeddable":true,"href":"https:\/\/www.skylinegroupofcompanies.ca\/fr\/wp-json\/wp\/v2\/tags?post=74058"}],"curies":[{"name":"wp","href":"https:\/\/api.w.org\/{rel}","templated":true}]}}