{"id":72286,"date":"2022-09-02T10:49:34","date_gmt":"2022-09-02T14:49:34","guid":{"rendered":"https:\/\/www.skylinegroupofcompanies.ca\/?p=72286"},"modified":"2024-04-23T10:53:34","modified_gmt":"2024-04-23T14:53:34","slug":"skyline-apartment-reit-fait-son-entree-a-parksville-c-b","status":"publish","type":"post","link":"https:\/\/www.skylinegroupofcompanies.ca\/fr\/news-fr\/skyline-apartment-reit-fait-son-entree-a-parksville-c-b\/","title":{"rendered":"Skyline Apartment REIT fait son entr\u00e9e \u00e0 Parksville (C.-B.)"},"content":{"rendered":"<p>[Guelph (Ontario) \u2013 Le 30 ao\u00fbt 2022]<\/p>\n<p>Le 30 ao\u00fbt 2022, Skyline Apartment REIT a achet\u00e9 Merewood, un complexe r\u00e9sidentiel neuf situ\u00e9 aux 411 et 423, avenue Despard \u00e0 Parksville (Colombie-Britannique). Il comprend 2 immeubles r\u00e9sidentiels de 4 \u00e9tages qui abritent 122 logements et qui seront g\u00e9r\u00e9s par des professionnels de Skyline Living.<\/p>\n<p>Le prix d\u2019achat total de la propri\u00e9t\u00e9 \u00e9tait de 41 millions de dollars.<\/p>\n<blockquote><p>\u00ab Nous avons le plaisir d\u2019annoncer l\u2019arriv\u00e9e de Skyline Apartment REIT \u00e0 Parksville avec l\u2019acquisition d\u2019une propri\u00e9t\u00e9 situ\u00e9e aux 411 et 423, avenue Despard \u00bb, a d\u00e9clar\u00e9 <a href=\"https:\/\/www.skylineapartmentreit.ca\/management-team\/matthew-organ\/\" target=\"_blank\" rel=\"noopener\">Matthew Organ<\/a>, pr\u00e9sident de Skyline Apartment REIT.<\/p>\n<p>\u00ab Nous sommes fiers d\u2019offrir aux r\u00e9sidents de Parksville des milieux de vie neufs, de qualit\u00e9 et g\u00e9r\u00e9s par des professionnels. \u00bb<\/p><\/blockquote>\n<p>\u00c0 la suite de cette transaction, Skyline Apartment REIT compte 246 propri\u00e9t\u00e9s dans 61 villes r\u00e9parties dans 7 provinces canadiennes pour un total de 22 035 logements.<\/p>\n<h2>Au sujet de Skyline Apartment REIT<\/h2>\n<p>Skyline Apartment REIT (le \u00ab FPI \u00bb) est un portefeuille principalement compos\u00e9 d\u2019immeubles collectifs r\u00e9sidentiels, d\u00e9tenu et g\u00e9r\u00e9 par des int\u00e9r\u00eats priv\u00e9s, qui s\u2019emploie \u00e0 acqu\u00e9rir de nouvelles constructions ou des projets existants sur les march\u00e9s secondaires et tertiaires au Canada.<\/p>\n<p>\u00c0 titre de produits de placement non traditionnels, les parts de Skyline Apartment REIT sont distribu\u00e9es par l\u2019interm\u00e9diaire de Skyline Wealth Management Inc. (\u00ab Skyline Wealth Management \u00bb), le courtier sur le march\u00e9 dispens\u00e9 privil\u00e9gi\u00e9 du FPI.<\/p>\n<p>Skyline Apartment REIT s\u2019engage \u00e0 offrir \u00e0 ses locataires r\u00e9sidentiels des logements de qualit\u00e9 et un service exceptionnel tout en saisissant de bonnes occasions et en g\u00e9n\u00e9rant des rendements stables pour ses investisseurs.<\/p>\n<p>Pour en savoir plus sur Skyline Apartment REIT, rendez-vous sur le site <a href=\"https:\/\/www.skylineapartmentreit.ca\/\" target=\"_blank\" rel=\"noopener\">SkylineApartmentREIT.ca.<\/a><\/p>\n<p>Pour en savoir plus sur les produits de placement non traditionnels offerts par l\u2019interm\u00e9diaire de Skyline Wealth Management, rendez-vous sur le site <a href=\"https:\/\/www.skylinewealthmanagement.ca\" target=\"_blank\" rel=\"noopener\">SkylineWealthManagement.ca<\/a>.<\/p>\n<p>Skyline Apartment REIT est g\u00e9r\u00e9 et exploit\u00e9 par <a href=\"https:\/\/skylinegroupofcompanies.ca\/\">Skyline Group of Companies<\/a>.<\/p>\n<h3>Demandes de renseignements des m\u00e9dias\u202f:<\/h3>\n<address>Cindy Beverly<br \/>\nVice-pr\u00e9sidente, Marketing et communications<br \/>\nSkyline Group of Companies<br \/>\n5, rue Douglas, bureau 301<br \/>\nGuelph (Ontario) N1H 2S8<br \/>\n<a href=\"tel:5198260439\">519.826.0439<\/a> x602<\/address>\n","protected":false},"excerpt":{"rendered":"<p>[Guelph (Ontario) \u2013 Le 30 ao\u00fbt 2022] Le 30 ao\u00fbt 2022, Skyline Apartment REIT a achet\u00e9 Merewood, un complexe r\u00e9sidentiel neuf situ\u00e9 aux 411 et 423, avenue Despard \u00e0 Parksville (Colombie-Britannique). Il comprend 2 immeubles r\u00e9sidentiels de 4 \u00e9tages qui abritent 122 logements et qui seront g\u00e9r\u00e9s par des professionnels de Skyline Living. Le prix [&hellip;]<\/p>\n","protected":false},"author":30,"featured_media":0,"comment_status":"closed","ping_status":"open","sticky":false,"template":"","format":"standard","meta":{"_acf_changed":false,"footnotes":"","_links_to":"","_links_to_target":""},"categories":[88,89,92],"tags":[],"class_list":["post-72286","post","type-post","status-publish","format-standard","hentry","category-news-fr","category-skyline-apartment-reit-fr","category-skyline-wealth-fr"],"acf":[],"yoast_head":"<!-- This site is optimized with the Yoast SEO plugin v27.4 - https:\/\/yoast.com\/product\/yoast-seo-wordpress\/ -->\n<title>Skyline Apartment REIT fait son entr\u00e9e \u00e0 Parksville (C.-B.) | Skyline<\/title>\n<meta name=\"description\" content=\"Le 30 ao\u00fbt 2022, Skyline Apartment REIT a achet\u00e9 un complexe r\u00e9sidentiel de 122\u202flogements aux 411 et 423, avenue Despard \u00e0 Parksville (C.-B.).\" \/>\n<meta name=\"robots\" content=\"noindex, nofollow\" \/>\n<meta property=\"og:locale\" content=\"fr_FR\" \/>\n<meta property=\"og:type\" content=\"article\" \/>\n<meta property=\"og:title\" content=\"Skyline Apartment REIT fait son entr\u00e9e \u00e0 Parksville (C.-B.) | Skyline\" \/>\n<meta property=\"og:description\" content=\"Le 30 ao\u00fbt 2022, Skyline Apartment REIT a achet\u00e9 un complexe r\u00e9sidentiel de 122\u202flogements aux 411 et 423, avenue Despard \u00e0 Parksville (C.-B.).\" \/>\n<meta property=\"og:url\" content=\"https:\/\/www.skylineapartmentreit.ca\/press-release\/2022\/skyline-apartment-reit-enters-parksville-bc\/\" \/>\n<meta property=\"og:site_name\" content=\"Skyline\" \/>\n<meta property=\"article:published_time\" content=\"2022-09-02T14:49:34+00:00\" \/>\n<meta property=\"article:modified_time\" content=\"2024-04-23T14:53:34+00:00\" \/>\n<meta name=\"author\" content=\"Skyline Group of Companies\" \/>\n<meta name=\"twitter:card\" content=\"summary_large_image\" \/>\n<meta name=\"twitter:label1\" content=\"\u00c9crit par\" \/>\n\t<meta name=\"twitter:data1\" content=\"Skyline Group of Companies\" \/>\n\t<meta name=\"twitter:label2\" content=\"Dur\u00e9e de lecture estim\u00e9e\" \/>\n\t<meta name=\"twitter:data2\" content=\"2 minutes\" \/>\n<!-- \/ Yoast SEO plugin. -->","yoast_head_json":{"title":"Skyline Apartment REIT fait son entr\u00e9e \u00e0 Parksville (C.-B.) | Skyline","description":"Le 30 ao\u00fbt 2022, Skyline Apartment REIT a achet\u00e9 un complexe r\u00e9sidentiel de 122\u202flogements aux 411 et 423, avenue Despard \u00e0 Parksville (C.-B.).","robots":{"index":"noindex","follow":"nofollow"},"og_locale":"fr_FR","og_type":"article","og_title":"Skyline Apartment REIT fait son entr\u00e9e \u00e0 Parksville (C.-B.) | Skyline","og_description":"Le 30 ao\u00fbt 2022, Skyline Apartment REIT a achet\u00e9 un complexe r\u00e9sidentiel de 122\u202flogements aux 411 et 423, avenue Despard \u00e0 Parksville (C.-B.).","og_url":"https:\/\/www.skylineapartmentreit.ca\/press-release\/2022\/skyline-apartment-reit-enters-parksville-bc\/","og_site_name":"Skyline","article_published_time":"2022-09-02T14:49:34+00:00","article_modified_time":"2024-04-23T14:53:34+00:00","author":"Skyline Group of Companies","twitter_card":"summary_large_image","twitter_misc":{"\u00c9crit par":"Skyline Group of Companies","Dur\u00e9e de lecture estim\u00e9e":"2 minutes"},"schema":{"@context":"https:\/\/schema.org","@graph":[{"@type":"Article","@id":"https:\/\/www.skylineapartmentreit.ca\/press-release\/2022\/skyline-apartment-reit-enters-parksville-bc\/#article","isPartOf":{"@id":"https:\/\/www.skylinegroupofcompanies.ca\/fr\/news-fr\/skyline-apartment-reit-fait-son-entree-a-parksville-c-b\/"},"author":{"name":"Skyline Group of Companies","@id":"https:\/\/www.skylinegroupofcompanies.ca\/#\/schema\/person\/ec4603be97c006c1de096e3ea827a556"},"headline":"Skyline Apartment REIT fait son entr\u00e9e \u00e0 Parksville (C.-B.)","datePublished":"2022-09-02T14:49:34+00:00","dateModified":"2024-04-23T14:53:34+00:00","mainEntityOfPage":{"@id":"https:\/\/www.skylinegroupofcompanies.ca\/fr\/news-fr\/skyline-apartment-reit-fait-son-entree-a-parksville-c-b\/"},"wordCount":364,"publisher":{"@id":"https:\/\/www.skylinegroupofcompanies.ca\/#organization"},"articleSection":["News","Skyline Apartment REIT","Skyline Wealth Management"],"inLanguage":"fr-FR"},{"@type":"WebPage","@id":"https:\/\/www.skylinegroupofcompanies.ca\/fr\/news-fr\/skyline-apartment-reit-fait-son-entree-a-parksville-c-b\/","url":"https:\/\/www.skylineapartmentreit.ca\/press-release\/2022\/skyline-apartment-reit-enters-parksville-bc\/","name":"Skyline Apartment REIT fait son entr\u00e9e \u00e0 Parksville (C.-B.) | Skyline","isPartOf":{"@id":"https:\/\/www.skylinegroupofcompanies.ca\/#website"},"datePublished":"2022-09-02T14:49:34+00:00","dateModified":"2024-04-23T14:53:34+00:00","description":"Le 30 ao\u00fbt 2022, Skyline Apartment REIT a achet\u00e9 un complexe r\u00e9sidentiel de 122\u202flogements aux 411 et 423, avenue Despard \u00e0 Parksville (C.-B.).","breadcrumb":{"@id":"https:\/\/www.skylineapartmentreit.ca\/press-release\/2022\/skyline-apartment-reit-enters-parksville-bc\/#breadcrumb"},"inLanguage":"fr-FR","potentialAction":[{"@type":"ReadAction","target":["https:\/\/www.skylineapartmentreit.ca\/press-release\/2022\/skyline-apartment-reit-enters-parksville-bc\/"]}]},{"@type":"BreadcrumbList","@id":"https:\/\/www.skylineapartmentreit.ca\/press-release\/2022\/skyline-apartment-reit-enters-parksville-bc\/#breadcrumb","itemListElement":[{"@type":"ListItem","position":1,"name":"Home","item":"https:\/\/www.skylinegroupofcompanies.ca\/fr\/"},{"@type":"ListItem","position":2,"name":"Skyline Apartment REIT fait son entr\u00e9e \u00e0 Parksville (C.-B.)"}]},{"@type":"WebSite","@id":"https:\/\/www.skylinegroupofcompanies.ca\/#website","url":"https:\/\/www.skylinegroupofcompanies.ca\/","name":"Skyline","description":"We offer services in real estate and clean energy","publisher":{"@id":"https:\/\/www.skylinegroupofcompanies.ca\/#organization"},"alternateName":"Skyline GOC","potentialAction":[{"@type":"SearchAction","target":{"@type":"EntryPoint","urlTemplate":"https:\/\/www.skylinegroupofcompanies.ca\/?s={search_term_string}"},"query-input":{"@type":"PropertyValueSpecification","valueRequired":true,"valueName":"search_term_string"}}],"inLanguage":"fr-FR"},{"@type":"Organization","@id":"https:\/\/www.skylinegroupofcompanies.ca\/#organization","name":"Skyline Group of Companies","url":"https:\/\/www.skylinegroupofcompanies.ca\/","logo":{"@type":"ImageObject","inLanguage":"fr-FR","@id":"https:\/\/www.skylinegroupofcompanies.ca\/#\/schema\/logo\/image\/","url":"https:\/\/www.skylinegroupofcompanies.ca\/wp-content\/uploads\/2020\/09\/logo-blue.svg","contentUrl":"https:\/\/www.skylinegroupofcompanies.ca\/wp-content\/uploads\/2020\/09\/logo-blue.svg","width":1,"height":1,"caption":"Skyline Group of Companies"},"image":{"@id":"https:\/\/www.skylinegroupofcompanies.ca\/#\/schema\/logo\/image\/"}},{"@type":"Person","@id":"https:\/\/www.skylinegroupofcompanies.ca\/#\/schema\/person\/ec4603be97c006c1de096e3ea827a556","name":"Skyline Group of Companies","image":{"@type":"ImageObject","inLanguage":"fr-FR","@id":"https:\/\/secure.gravatar.com\/avatar\/639dea1e28cd25fbd577e0403b28ca4fb22ff4958d631163b079bf6bf4550ea2?s=96&d=mm&r=g","url":"https:\/\/secure.gravatar.com\/avatar\/639dea1e28cd25fbd577e0403b28ca4fb22ff4958d631163b079bf6bf4550ea2?s=96&d=mm&r=g","contentUrl":"https:\/\/secure.gravatar.com\/avatar\/639dea1e28cd25fbd577e0403b28ca4fb22ff4958d631163b079bf6bf4550ea2?s=96&d=mm&r=g","caption":"Skyline Group of Companies"}}]}},"_links":{"self":[{"href":"https:\/\/www.skylinegroupofcompanies.ca\/fr\/wp-json\/wp\/v2\/posts\/72286","targetHints":{"allow":["GET"]}}],"collection":[{"href":"https:\/\/www.skylinegroupofcompanies.ca\/fr\/wp-json\/wp\/v2\/posts"}],"about":[{"href":"https:\/\/www.skylinegroupofcompanies.ca\/fr\/wp-json\/wp\/v2\/types\/post"}],"author":[{"embeddable":true,"href":"https:\/\/www.skylinegroupofcompanies.ca\/fr\/wp-json\/wp\/v2\/users\/30"}],"replies":[{"embeddable":true,"href":"https:\/\/www.skylinegroupofcompanies.ca\/fr\/wp-json\/wp\/v2\/comments?post=72286"}],"version-history":[{"count":0,"href":"https:\/\/www.skylinegroupofcompanies.ca\/fr\/wp-json\/wp\/v2\/posts\/72286\/revisions"}],"wp:attachment":[{"href":"https:\/\/www.skylinegroupofcompanies.ca\/fr\/wp-json\/wp\/v2\/media?parent=72286"}],"wp:term":[{"taxonomy":"category","embeddable":true,"href":"https:\/\/www.skylinegroupofcompanies.ca\/fr\/wp-json\/wp\/v2\/categories?post=72286"},{"taxonomy":"post_tag","embeddable":true,"href":"https:\/\/www.skylinegroupofcompanies.ca\/fr\/wp-json\/wp\/v2\/tags?post=72286"}],"curies":[{"name":"wp","href":"https:\/\/api.w.org\/{rel}","templated":true}]}}